{"id":263652,"date":"2022-06-09T13:04:38","date_gmt":"2022-06-09T11:04:38","guid":{"rendered":"https:\/\/zjarr.tv\/?p=263652"},"modified":"2022-06-09T13:04:38","modified_gmt":"2022-06-09T11:04:38","slug":"ikone-e-akrobacise-dhe-cirkut-shqiptar-ndahet-nga-jeta-mjeshtrja-e-madhe-vitore-sallaku","status":"publish","type":"post","link":"https:\/\/zjarr.tv\/sq\/ikone-e-akrobacise-dhe-cirkut-shqiptar-ndahet-nga-jeta-mjeshtrja-e-madhe-vitore-sallaku\/","title":{"rendered":"Ikon\u00eb e akrobacis\u00eb dhe cirkut shqiptar, ndahet nga jeta \u201cMjeshtrja e Madhe\u201d Vitore Sallaku"},"content":{"rendered":"<p>Nj\u00eb humbje e madhe \u00ebsht\u00eb sh\u00ebnjuar p\u00ebr cirkun dhe publikun shqiptar.<\/p>\n<p>M\u00ebsohet se \u201cMjeshtrja e Madhe\u201d , akrobatja Vitore Sallaku \u00ebsht\u00eb ndar\u00eb nga jeta. E cil\u00ebsuar si nj\u00eb nga ikonat e akrobacis\u00eb dhe cirkut shqiptar, ajo ofroi kontributin e saj, jo vet\u00ebm si artiste, por edhe si pedagoge e shkrimtare.<\/p>\n<p>Vitore Sallaku vinte nga nj\u00eb familje e persekutuar prej sistemi komunist, ku t\u00eb atin Lorenc Rash\u00ebn e pushkatuan. Megjithat\u00eb, fal\u00eb aft\u00ebsive dhe talentit, t\u00eb ndjer\u00ebs nuk ia nd\u00ebrpren\u00eb t\u00eb drejtat e studimit n\u00eb Ish- Bashkimin Sovjetik dhe n\u00eb Kin\u00eb. Nga ana tjet\u00ebr, kjo goditje e familjes Rasha, tentoi t\u00eb vinte n\u00eb pik\u00ebpyetje karrier\u00ebn artistike t\u00eb bashk\u00ebshortit t\u00eb saj Sk\u00ebnder Sallakut,\u00a0 i cili nuk hoqi dor\u00eb kurr\u00eb prej saj.<\/p>\n<p>Si nj\u00eb nga akrobatet m\u00eb t\u00eb spikatura t\u00eb aren\u00ebs s\u00eb cirkut me nj\u00eb kontribut p\u00ebr m\u00eb shum\u00eb se 35 vjet, Vitore Sallaku u nderua n\u00eb tetor t\u00eb vitit 2021 nga Presidenti ende n\u00eb detyr\u00eb, Ilir Meta me titullin \u201cMjeshtre e Madhe\u201d.<\/p>\n<p>Puna e saj e fundit ka qen\u00eb nj\u00eb lib\u00ebr biografik p\u00ebr bashk\u00ebshortin e saj Sk\u00ebnder Sallaku, nd\u00ebrkoh\u00eb q\u00eb num\u00ebron edhe 5 libra t\u00eb tjer\u00eb t\u00eb botuar mes t\u00eb cil\u00ebve tre jan\u00eb me poezi.<\/p>\n<p>P\u00ebr ndarjen e saj nga jeta ka reaguar edhe Ministrja e Kultur\u00ebs Elva Margariti, e cila p\u00ebrmes nj\u00eb statusi n\u00eb Facebook ka ndar\u00eb lajmin e hidhur me t\u00eb gjith\u00eb shqiptar\u00ebt.<\/p>\n<p>\u201cNj\u00eb grua e rrall\u00eb, energjike, nj\u00eb artiste e talentuar, nj\u00eb nga themelueset e Cirkut shqiptar, u nda nga ne. Akrobatja Vitore Sallaku ka l\u00ebn\u00eb pas kaq shum\u00eb kujtime t\u00eb bukura dhe u ka falur kaq shum\u00eb g\u00ebzim njer\u00ebzve, saq\u00eb largimi do t\u00eb jet\u00eb vet\u00ebm fizik! Ajo ishte dhe do t\u00eb mbetet nj\u00eb shkoll\u00eb p\u00ebr brezat e rinj!\u201d<\/p>\n","protected":false},"excerpt":{"rendered":"<p>Nj\u00eb humbje e madhe \u00ebsht\u00eb sh\u00ebnjuar p\u00ebr cirkun dhe publikun shqiptar. M\u00ebsohet se \u201cMjeshtrja e Madhe\u201d , akrobatja Vitore Sallaku \u00ebsht\u00eb ndar\u00eb nga jeta. E cil\u00ebsuar si nj\u00eb nga ikonat e akrobacis\u00eb dhe cirkut shqiptar, ajo ofroi kontributin e saj, jo vet\u00ebm si artiste, por edhe si pedagoge e shkrimtare. Vitore Sallaku vinte nga nj\u00eb [&hellip;]<\/p>\n","protected":false},"author":2020,"featured_media":263653,"comment_status":"closed","ping_status":"closed","sticky":false,"template":"","format":"standard","meta":{"footnotes":""},"categories":[241,5380,231],"tags":[],"class_list":{"0":"post-263652","1":"post","2":"type-post","3":"status-publish","4":"format-standard","5":"has-post-thumbnail","7":"category-aktualitet","8":"category-kryesore","9":"category-lajme"},"_links":{"self":[{"href":"https:\/\/zjarr.tv\/sq\/wp-json\/wp\/v2\/posts\/263652","targetHints":{"allow":["GET"]}}],"collection":[{"href":"https:\/\/zjarr.tv\/sq\/wp-json\/wp\/v2\/posts"}],"about":[{"href":"https:\/\/zjarr.tv\/sq\/wp-json\/wp\/v2\/types\/post"}],"author":[{"embeddable":true,"href":"https:\/\/zjarr.tv\/sq\/wp-json\/wp\/v2\/users\/2020"}],"replies":[{"embeddable":true,"href":"https:\/\/zjarr.tv\/sq\/wp-json\/wp\/v2\/comments?post=263652"}],"version-history":[{"count":0,"href":"https:\/\/zjarr.tv\/sq\/wp-json\/wp\/v2\/posts\/263652\/revisions"}],"wp:featuredmedia":[{"embeddable":true,"href":"https:\/\/zjarr.tv\/sq\/wp-json\/wp\/v2\/media\/263653"}],"wp:attachment":[{"href":"https:\/\/zjarr.tv\/sq\/wp-json\/wp\/v2\/media?parent=263652"}],"wp:term":[{"taxonomy":"category","embeddable":true,"href":"https:\/\/zjarr.tv\/sq\/wp-json\/wp\/v2\/categories?post=263652"},{"taxonomy":"post_tag","embeddable":true,"href":"https:\/\/zjarr.tv\/sq\/wp-json\/wp\/v2\/tags?post=263652"}],"curies":[{"name":"wp","href":"https:\/\/api.w.org\/{rel}","templated":true}]}}