{"id":263662,"date":"2022-06-09T13:33:57","date_gmt":"2022-06-09T11:33:57","guid":{"rendered":"https:\/\/zjarr.tv\/?p=263662"},"modified":"2022-06-09T13:33:57","modified_gmt":"2022-06-09T11:33:57","slug":"rama-e-pranon-bordi-eshte-komunist-cmimi-i-naftes-eshte-me-e-larti-ne-rajon","status":"publish","type":"post","link":"https:\/\/zjarr.tv\/sq\/rama-e-pranon-bordi-eshte-komunist-cmimi-i-naftes-eshte-me-e-larti-ne-rajon\/","title":{"rendered":"Rama e pranon: Bordi \u00ebsht\u00eb komunist! \u00c7mimi i naft\u00ebs \u00ebsht\u00eb m\u00eb e larti n\u00eb rajon"},"content":{"rendered":"<p>Teksa \u00e7mimi i naft\u00ebs n\u00eb vend ka shkuar 258 lek\u00eb p\u00ebr lit\u00ebr, vjen nj\u00eb reagim nga kryeministri Edi Rama. Kreu i qeveris\u00eb pranoi n\u00eb Kuvend se se Shqip\u00ebria ka \u00e7mimin m\u00eb t\u00eb lart\u00eb t\u00eb karburantit n\u00eb rajon.<\/p>\n<p>\u201c\u00cbsht\u00eb e v\u00ebrtet\u00eb q\u00eb kemi nj\u00eb \u00e7mim karburanti m\u00eb t\u00eb lart\u00eb se sa t\u00eb tjer\u00ebt n\u00eb rajon. Kjo \u00ebsht\u00eb e v\u00ebrtet\u00eb! Por ndryshe nga t\u00eb tjer\u00ebt n\u00eb rajon, ne kemi taksat m\u00eb t\u00eb ul\u00ebta. Sepse ndryshe nga rajoni, ne biznesit t\u00eb vog\u00ebl s\u2019i marrim asnj\u00eb lek\u00eb\u201d, tha Rama.<\/p>\n<p>Ne u japim para t\u00eb gjith\u00eb shqiptar\u00ebve q\u00eb l\u00ebvizin me transport publik, ndryshe nga sa b\u00ebn rajoni. Barr\u00ebn e kriz\u00ebs do ta shp\u00ebrndajm\u00eb q\u00eb t\u2019u japim mund\u00ebsi atyre q\u00eb prodhojn\u00eb e eksportojn\u00eb, ta ndjejn\u00eb m\u00eb pak; ata q\u00eb shkojn\u00eb n\u00eb pun\u00eb me autobus, mos ta ndjejn\u00eb fare\u201d.<\/p>\n<p>M\u00eb tej, ai foli p\u00ebr Bordin e Transparenc\u00ebs, duke e pranuar se \u00ebsht\u00eb bord komunist.<\/p>\n<p>\u201cN\u00eb kushtet normale \u00ebsht\u00eb bord komunist. Por n\u00eb kushte anormale, ai bord \u00ebsht\u00eb nj\u00eb ndihm\u00eb. Ai bord ka nj\u00eb merit\u00eb p\u00ebr k\u00ebt\u00eb faz\u00eb: merita \u00ebsht\u00eb se vendos nj\u00eb tavan mbi t\u00eb cilin t\u00eb tjer\u00ebt nuk mund t\u00eb shkojn\u00eb. Pastaj llogarit\u00eb me laps e let\u00ebr jasht\u00eb realitetit mund t\u2019i b\u00ebj\u00eb kush t\u00eb doj\u00eb,\u201d tha Rama.<\/p>\n","protected":false},"excerpt":{"rendered":"<p>Teksa \u00e7mimi i naft\u00ebs n\u00eb vend ka shkuar 258 lek\u00eb p\u00ebr lit\u00ebr, vjen nj\u00eb reagim nga kryeministri Edi Rama. Kreu i qeveris\u00eb pranoi n\u00eb Kuvend se se Shqip\u00ebria ka \u00e7mimin m\u00eb t\u00eb lart\u00eb t\u00eb karburantit n\u00eb rajon. \u201c\u00cbsht\u00eb e v\u00ebrtet\u00eb q\u00eb kemi nj\u00eb \u00e7mim karburanti m\u00eb t\u00eb lart\u00eb se sa t\u00eb tjer\u00ebt n\u00eb rajon. Kjo [&hellip;]<\/p>\n","protected":false},"author":2020,"featured_media":178950,"comment_status":"closed","ping_status":"closed","sticky":false,"template":"","format":"standard","meta":{"footnotes":""},"categories":[241,5380,231],"tags":[],"class_list":{"0":"post-263662","1":"post","2":"type-post","3":"status-publish","4":"format-standard","5":"has-post-thumbnail","7":"category-aktualitet","8":"category-kryesore","9":"category-lajme"},"_links":{"self":[{"href":"https:\/\/zjarr.tv\/sq\/wp-json\/wp\/v2\/posts\/263662","targetHints":{"allow":["GET"]}}],"collection":[{"href":"https:\/\/zjarr.tv\/sq\/wp-json\/wp\/v2\/posts"}],"about":[{"href":"https:\/\/zjarr.tv\/sq\/wp-json\/wp\/v2\/types\/post"}],"author":[{"embeddable":true,"href":"https:\/\/zjarr.tv\/sq\/wp-json\/wp\/v2\/users\/2020"}],"replies":[{"embeddable":true,"href":"https:\/\/zjarr.tv\/sq\/wp-json\/wp\/v2\/comments?post=263662"}],"version-history":[{"count":0,"href":"https:\/\/zjarr.tv\/sq\/wp-json\/wp\/v2\/posts\/263662\/revisions"}],"wp:featuredmedia":[{"embeddable":true,"href":"https:\/\/zjarr.tv\/sq\/wp-json\/wp\/v2\/media\/178950"}],"wp:attachment":[{"href":"https:\/\/zjarr.tv\/sq\/wp-json\/wp\/v2\/media?parent=263662"}],"wp:term":[{"taxonomy":"category","embeddable":true,"href":"https:\/\/zjarr.tv\/sq\/wp-json\/wp\/v2\/categories?post=263662"},{"taxonomy":"post_tag","embeddable":true,"href":"https:\/\/zjarr.tv\/sq\/wp-json\/wp\/v2\/tags?post=263662"}],"curies":[{"name":"wp","href":"https:\/\/api.w.org\/{rel}","templated":true}]}}