{"id":263670,"date":"2022-06-09T13:48:26","date_gmt":"2022-06-09T11:48:26","guid":{"rendered":"https:\/\/zjarr.tv\/?p=263670"},"modified":"2022-06-09T13:48:26","modified_gmt":"2022-06-09T11:48:26","slug":"butrinti-sazan-guri-nje-tradheti-kombetare-eshte-shkelur-neni-3-i-kushtetutes","status":"publish","type":"post","link":"https:\/\/zjarr.tv\/sq\/butrinti-sazan-guri-nje-tradheti-kombetare-eshte-shkelur-neni-3-i-kushtetutes\/","title":{"rendered":"BUTRINTI\/ Sazan Guri: Nj\u00eb tradh\u00ebti komb\u00ebtare, \u00ebsht\u00eb shkelur neni 3 i Kushtetut\u00ebs"},"content":{"rendered":"<p>Aleanca p\u00ebr Mbrojtjen e Butrintit zhvilloi dje n\u00eb Durr\u00ebs tryez\u00ebn e radh\u00ebs me ekspert\u00eb dhe qytetar\u00eb p\u00ebr t\u00eb kund\u00ebrshtuar dhe k\u00ebrkuar transparenc\u00eb p\u00ebr ligjin e kaluar n\u00eb Kuvend nga mazhoranca socialiste p\u00ebr sa i p\u00ebrket administrimit t\u00eb Parkut Natyror t\u00eb Butrintit.<\/p>\n<p>Duke nuhatur se ky ligj mund t\u00eb p\u00ebrdoret edhe p\u00ebr zonat e tjera arkeologjike n\u00eb vend, Aleanca p\u00ebr Mbrojtjen e Butrintit u mblodh n\u00eb Durr\u00ebs n\u00eb or\u00ebn 18:00 te Blu Star p\u00ebr t\u00eb diskutuar mbi reagimin qytetar ndaj k\u00ebsaj pabesie t\u00eb qeveris\u00eb shqiptare kundrejt zonave t\u00eb mbrojtura n\u00eb Shqip\u00ebri.<\/p>\n<p>I ftuar n\u00eb \u2018Kafe Shqeto\u2019 n\u00eb Syri Tv p\u00ebr t\u00eb folur m\u00eb shum\u00eb rreth k\u00ebtij takimi dhe hapave t\u00eb planifikuar m\u00eb tej n\u00eb mbrojtje t\u00eb Butrintit ishte Sazan Guri, ambientalist.<\/p>\n<p>Kjo \u00ebsht\u00eb\u00a0 nj\u00eb p\u00ebrgatitje q\u00eb p\u00ebrmban pabesi, tradh\u00ebti dhe mund t\u00eb jet\u00eb rasti nga m\u00eb tipik\u00ebt dhe atipiket n\u00eb vend ku qeveria k\u00ebrkon t\u00eb zhb\u00ebj\u00eb edhe monumentet e kultur\u00ebs. Dhe nuk \u00ebsht\u00eb se do e ndali vrapin te Butrinti por at\u00eb do ta b\u00ebj\u00eb model t\u00eb menaxhimit t\u00eb nj\u00eb politike t\u00eb re te vlerave t\u00eb tjera pafund q\u00eb ka Shqip\u00ebria, si Durr\u00ebsi, Apolonia etj.<\/p>\n<p>Dhe jo m\u00eb kot k\u00ebta kan\u00eb p\u00ebrgatitur fillimisht se si Durr\u00ebsi, Apolonia dhe Butrinti t\u00eb quhen si vende helene dhe greke dhe tani jan\u00eb duke i b\u00ebr defakto.<\/p>\n<p>Jam i bindur se k\u00ebtu ka tradh\u00ebti prandaj dhe shkuam n\u00eb Durr\u00ebs q\u00eb t\u00eb vazhdojm\u00eb k\u00ebt\u00eb p\u00ebrpjekje, sigurisht kjo \u00ebsht\u00eb l\u00ebvizje qytetare por ne kemi edhe l\u00ebvizjet tona ligjore sepse ne nuk jemi t\u00eb b\u00ebjm\u00eb protesta sepse k\u00ebta din\u00eb t\u2019i blejn\u00eb dhe t\u2019i shp\u00ebrb\u00ebjn\u00eb, ne jemi sot me dijetar\u00eb dhe me ligje p\u00ebr t\u00eb vajtur drejt gjykatave p\u00ebrkat\u00ebse\u201d u shpreh ai.<\/p>\n<p>Pyetur nga moderator\u00ebt se cili do t\u00eb jet\u00eb hapi ligjor i radh\u00ebs, Guri tregoi:<\/p>\n<p>Ne e kemi marr\u00eb shum\u00eb seriozisht, kemi nj\u00eb studi ligjore, do kemi nj\u00eb organizim legjitim, jemi drejt gjykat\u00ebs dhe presidentit p\u00ebr t\u00eb mos ta dekretuar, k\u00ebta q\u00eb jan\u00eb t\u00eb pangopur, thon\u00eb q\u00eb ne do ta kalojm\u00eb do apo s\u2019do ta kaloj\u00eb presidenti. K\u00ebta nuk pyesin, jan\u00eb t\u00eb hatash\u00ebm. Do i drejtohemi Gjyat\u00ebs Kushtetuese, sepse \u00ebsht\u00eb prekur neni 3 i Kushtetut\u00ebs, i cili thot\u00eb se sheshet apo \u00e7do lloj trash\u00ebgimie q\u00eb ka vendi i sh\u00ebrben vet\u00ebdijes komb\u00ebtare.<\/p>\n","protected":false},"excerpt":{"rendered":"<p>Aleanca p\u00ebr Mbrojtjen e Butrintit zhvilloi dje n\u00eb Durr\u00ebs tryez\u00ebn e radh\u00ebs me ekspert\u00eb dhe qytetar\u00eb p\u00ebr t\u00eb kund\u00ebrshtuar dhe k\u00ebrkuar transparenc\u00eb p\u00ebr ligjin e kaluar n\u00eb Kuvend nga mazhoranca socialiste p\u00ebr sa i p\u00ebrket administrimit t\u00eb Parkut Natyror t\u00eb Butrintit. Duke nuhatur se ky ligj mund t\u00eb p\u00ebrdoret edhe p\u00ebr zonat e tjera arkeologjike [&hellip;]<\/p>\n","protected":false},"author":2020,"featured_media":162776,"comment_status":"closed","ping_status":"closed","sticky":false,"template":"","format":"standard","meta":{"footnotes":""},"categories":[241,5380,231],"tags":[],"class_list":{"0":"post-263670","1":"post","2":"type-post","3":"status-publish","4":"format-standard","5":"has-post-thumbnail","7":"category-aktualitet","8":"category-kryesore","9":"category-lajme"},"_links":{"self":[{"href":"https:\/\/zjarr.tv\/sq\/wp-json\/wp\/v2\/posts\/263670","targetHints":{"allow":["GET"]}}],"collection":[{"href":"https:\/\/zjarr.tv\/sq\/wp-json\/wp\/v2\/posts"}],"about":[{"href":"https:\/\/zjarr.tv\/sq\/wp-json\/wp\/v2\/types\/post"}],"author":[{"embeddable":true,"href":"https:\/\/zjarr.tv\/sq\/wp-json\/wp\/v2\/users\/2020"}],"replies":[{"embeddable":true,"href":"https:\/\/zjarr.tv\/sq\/wp-json\/wp\/v2\/comments?post=263670"}],"version-history":[{"count":0,"href":"https:\/\/zjarr.tv\/sq\/wp-json\/wp\/v2\/posts\/263670\/revisions"}],"wp:featuredmedia":[{"embeddable":true,"href":"https:\/\/zjarr.tv\/sq\/wp-json\/wp\/v2\/media\/162776"}],"wp:attachment":[{"href":"https:\/\/zjarr.tv\/sq\/wp-json\/wp\/v2\/media?parent=263670"}],"wp:term":[{"taxonomy":"category","embeddable":true,"href":"https:\/\/zjarr.tv\/sq\/wp-json\/wp\/v2\/categories?post=263670"},{"taxonomy":"post_tag","embeddable":true,"href":"https:\/\/zjarr.tv\/sq\/wp-json\/wp\/v2\/tags?post=263670"}],"curies":[{"name":"wp","href":"https:\/\/api.w.org\/{rel}","templated":true}]}}