{"id":263828,"date":"2022-06-10T14:10:29","date_gmt":"2022-06-10T12:10:29","guid":{"rendered":"https:\/\/zjarr.tv\/?p=263828"},"modified":"2022-06-10T14:10:29","modified_gmt":"2022-06-10T12:10:29","slug":"u-mor-e-pandehur-per-falsifikim-etleda-ciftja-e-vettingut-shkon-spak-per-tu-njohur-me-akuzen","status":"publish","type":"post","link":"https:\/\/zjarr.tv\/sq\/u-mor-e-pandehur-per-falsifikim-etleda-ciftja-e-vettingut-shkon-spak-per-tu-njohur-me-akuzen\/","title":{"rendered":"U mor e pandehur p\u00ebr \u201cfalsifikim\u201d, Etleda \u00c7iftja e vettingut shkon SPAK p\u00ebr t\u2019u njohur me akuz\u00ebn"},"content":{"rendered":"<p>An\u00ebtarja e Komisionit t\u00eb Pavarur t\u00eb Kualifikimit, shkalla e par\u00eb e vettingut, ka shkuar mesdit\u00ebn e k\u00ebsaj t\u00eb premteje n\u00eb ambientet e Prokuroris\u00eb Speciale, p\u00ebr t\u2019u njohur me zyrtarisht me akuzat q\u00eb r\u00ebndojn\u00eb ndaj saj.<\/p>\n<p>Nj\u00eb jav\u00eb m\u00eb par\u00eb Etleda \u00c7iftja \u00ebsht\u00eb marr\u00eb e pandehur nga organi i akuz\u00ebs, [pasi akuzohet p\u00ebr veprat penale \u201cdeklarim i rrem\u00eb\u201d dhe \u201cfalsifikim\u201d n\u00eb form\u00eb p\u00ebrdorimi. Deklarimi i rrem\u00eb \u00ebsht\u00eb kryer nga \u00c7iftja n\u00eb komisionet e p\u00ebrzgjedhjes s\u00eb saj p\u00ebr nj\u00eb pozicion n\u00eb Komisionin e Pavarur t\u00eb Kualifikimit.<\/p>\n<p>N\u00eb faqen online t\u00eb KPK-s\u00eb sqarohet se Etleda \u00c7iftja \u00ebsht\u00eb diplomuar si juriste n\u00eb vitin 1999 n\u00eb Fakultetin e Drejt\u00ebsis\u00eb, Universiteti i Tiran\u00ebs. Aty thuhet se ajo ka punuar m\u00eb shm\u00eb se 16 vite si juriste, kryesisht n\u00eb sektorin e nd\u00ebrtimit, pronave, kuadrit rregullator p\u00ebr lejet dhe licencat n\u00eb fusha t\u00eb ndryshme t\u00eb ligjit.<\/p>\n<p>Po ashtu, ajo mban titullin \u201cAvokat\u201d q\u00eb nga viti 2001. \u00c7iftja u zgjodh n\u00eb qershor 2017 nga Kuvendi i Republik\u00ebs s\u00eb Shqip\u00ebris\u00eb n\u00eb postin e Komisioneres pran\u00eb Komisionit t\u00eb Pavarur t\u00eb Kualifikit<\/p>\n<p>Etleda \u00c7iftja \u00ebsht\u00eb an\u00ebtarja e tret\u00eb e institucioneve t\u00eb vetingut q\u00eb procedohet penalisht dhe merret e pandehur nga SPAK. M\u00eb par\u00eb jan\u00eb proceduar an\u00ebtar\u00ebt e Kolegjit t\u00eb Posa\u00e7\u00ebm t\u00eb Apelimit, KPA, Ardian Hajdari dhe Luan Daci, ky i fundit i shkarkuar pasi u d\u00ebnua me vendim t\u00eb form\u00ebs s\u00eb prer\u00eb p\u00ebr falsifikim t\u00eb formularit t\u00eb aplikimit q\u00eb mund\u00ebsoi zgjedhjen e tij si an\u00ebtar i Kolegjit.<\/p>\n<p>Edhe Hajdari u kall\u00ebzua penalisht p\u00ebr t\u00eb nj\u00ebjtin fakt, si dhe p\u00ebr fshehje t\u00eb ardhurash. Rreth dy jav\u00eb m\u00eb par\u00eb SPAK i ka k\u00ebrkuar gjykat\u00ebs respektive gjykimin e Ardian Hajdarit p\u00ebr veprat penale \u201cfshehje e t\u00eb ardhurave\u201d dhe \u201c\u2026deklarim t\u00eb rrem\u00eb t\u00eb pasuris\u00eb\u2026\u201d, nd\u00ebrsa u pushua procedimi p\u00ebr \u201cfalsifikim t\u00eb dokumenteve\u201d me argumentin se dy akuzat e para e p\u00ebrfshij\u00eb n\u00eb vetvete.<\/p>\n","protected":false},"excerpt":{"rendered":"<p>An\u00ebtarja e Komisionit t\u00eb Pavarur t\u00eb Kualifikimit, shkalla e par\u00eb e vettingut, ka shkuar mesdit\u00ebn e k\u00ebsaj t\u00eb premteje n\u00eb ambientet e Prokuroris\u00eb Speciale, p\u00ebr t\u2019u njohur me zyrtarisht me akuzat q\u00eb r\u00ebndojn\u00eb ndaj saj. Nj\u00eb jav\u00eb m\u00eb par\u00eb Etleda \u00c7iftja \u00ebsht\u00eb marr\u00eb e pandehur nga organi i akuz\u00ebs, [pasi akuzohet p\u00ebr veprat penale \u201cdeklarim [&hellip;]<\/p>\n","protected":false},"author":2020,"featured_media":263829,"comment_status":"closed","ping_status":"closed","sticky":false,"template":"","format":"standard","meta":{"footnotes":""},"categories":[241,5380,231],"tags":[],"class_list":{"0":"post-263828","1":"post","2":"type-post","3":"status-publish","4":"format-standard","5":"has-post-thumbnail","7":"category-aktualitet","8":"category-kryesore","9":"category-lajme"},"_links":{"self":[{"href":"https:\/\/zjarr.tv\/sq\/wp-json\/wp\/v2\/posts\/263828","targetHints":{"allow":["GET"]}}],"collection":[{"href":"https:\/\/zjarr.tv\/sq\/wp-json\/wp\/v2\/posts"}],"about":[{"href":"https:\/\/zjarr.tv\/sq\/wp-json\/wp\/v2\/types\/post"}],"author":[{"embeddable":true,"href":"https:\/\/zjarr.tv\/sq\/wp-json\/wp\/v2\/users\/2020"}],"replies":[{"embeddable":true,"href":"https:\/\/zjarr.tv\/sq\/wp-json\/wp\/v2\/comments?post=263828"}],"version-history":[{"count":0,"href":"https:\/\/zjarr.tv\/sq\/wp-json\/wp\/v2\/posts\/263828\/revisions"}],"wp:featuredmedia":[{"embeddable":true,"href":"https:\/\/zjarr.tv\/sq\/wp-json\/wp\/v2\/media\/263829"}],"wp:attachment":[{"href":"https:\/\/zjarr.tv\/sq\/wp-json\/wp\/v2\/media?parent=263828"}],"wp:term":[{"taxonomy":"category","embeddable":true,"href":"https:\/\/zjarr.tv\/sq\/wp-json\/wp\/v2\/categories?post=263828"},{"taxonomy":"post_tag","embeddable":true,"href":"https:\/\/zjarr.tv\/sq\/wp-json\/wp\/v2\/tags?post=263828"}],"curies":[{"name":"wp","href":"https:\/\/api.w.org\/{rel}","templated":true}]}}