{"id":263837,"date":"2022-06-10T14:38:20","date_gmt":"2022-06-10T12:38:20","guid":{"rendered":"https:\/\/zjarr.tv\/?p=263837"},"modified":"2022-06-10T14:38:20","modified_gmt":"2022-06-10T12:38:20","slug":"rama-po-con-biznesin-drejt-kolapsit-eksperti-alban-zusi-cmimi-i-larte-i-naftes-shkaterron-ekonomine-rrit-numrin-e-njerezve-qe-duan-te-largohen-nga-shqiperia","status":"publish","type":"post","link":"https:\/\/zjarr.tv\/sq\/rama-po-con-biznesin-drejt-kolapsit-eksperti-alban-zusi-cmimi-i-larte-i-naftes-shkaterron-ekonomine-rrit-numrin-e-njerezve-qe-duan-te-largohen-nga-shqiperia\/","title":{"rendered":"\u201cRama po \u00e7on biznesin drejt kolapsit\/ Eksperti Alban Zusi: \u00c7mimi i lart\u00eb i naft\u00ebs shkat\u00ebrron ekonomin\u00eb, rrit numrin e njer\u00ebzve q\u00eb duan t\u00eb largohen nga Shqip\u00ebria\u2026"},"content":{"rendered":"<p>Eksperti Alban Zusi i ftuar n\u00eb \u201cFax News\u201d ka folur p\u00ebr rritjen e \u00e7mimeve t\u00eb karburanteve dhe problemet q\u00eb shkakton n\u00eb ekonomin\u00eb.<\/p>\n<p>Zusi theksoi se \u00ebsht\u00eb e gabuar q\u00eb t\u00eb mbash \u00e7mimin e lart\u00eb t\u00eb naft\u00ebs me pretendimin se i ke hequr taksat biznesit t\u00eb vog\u00ebl. Sipas tij, \u00e7mimi i lart\u00eb i naft\u00ebs rrezikon q\u00eb t\u00eb \u00e7oj\u00eb t\u00eb gjitha bizneset e m\u00ebdha drejt shkat\u00ebrrimit pasi rivalizohen nga bizneset e tjera n\u00eb rajon q\u00eb marrin karburant me \u00e7mim m\u00eb t\u00eb ul\u00ebt.<\/p>\n<p>\u201c\u00c7do vendimmarrje q\u00eb ka impakt n\u00eb ekonomi te njer\u00ebzit, \u00e7do vendimmarrje e till\u00eb \u00ebsht\u00eb detyrim kushtetues q\u00eb t\u00eb b\u00ebhet publik p\u00ebr mediat. K\u00ebto vendimmarrje p\u00ebrfaq\u00ebsojn\u00eb drejtp\u00ebrdrejt p\u00ebr produkte t\u00eb caktuara. N\u00eb k\u00ebt\u00eb m\u00ebnyr\u00eb njer\u00ebzit jan\u00eb n\u00eb gjendje t\u00eb kuptojn\u00eb n\u00ebse \u00ebsht\u00eb marr\u00eb vendimi i duhur ose jo.<\/p>\n<p>Koncepri i mos uljes s\u00eb taks\u00ebs s\u00eb karburantit me pretendimin se biznesi i vog\u00ebl nuk ka taksa, \u00ebsht\u00eb argumentimi i gabuar i kryeministrit Ram\u00ebs. Ne mbajm\u00eb \u00e7mimin e naft\u00ebs t\u00eb lart\u00eb sepse nj\u00eb kategori e caktuar i kemi hequr taksat, kjo \u00ebsht\u00eb shum\u00eb e gabuar dhe sjell pasoja negative n\u00eb ekonomi. Qeveria nuk ka leht\u00ebsuar taksat nj\u00eb kategorie t\u00eb caktuara njer\u00ebzish. A mundet q\u00eb biznesi t\u00eb mbijetoj\u00eb me k\u00ebto kushte krahasuar me bizneset e tjera t\u00eb rajonit ne e kemi \u00e7mimin m\u00eb t\u00eb lart\u00eb.<\/p>\n<p>Kjo \u00ebsht\u00eb nj\u00eb koncept i gabuar dhe \u00e7on drejt rr\u00ebnimit t\u00eb plot\u00eb t\u00eb bizneseve t\u00eb mes\u00ebm dhe t\u00eb m\u00ebdhenj. K\u00ebto biznese rivalizohen nga ato t\u00eb rajonit q\u00eb kan\u00eb kosto m\u00eb t\u00eb ul\u00ebt. Do t\u2019i hapim m\u00eb shum\u00eb pun\u00eb eksporteve. \u00cbsht\u00eb e gabuar t\u00eb pretendosh q\u00eb je n\u00eb rregull duke menduar se mban \u00e7mimin e lart\u00eb t\u00eb naft\u00ebs p\u00ebr shkak se nuk paguan taksa p\u00ebr nj\u00eb grup biznesi. D\u00ebmtohet e gjith\u00eb ekonomia n\u00eb k\u00ebt\u00eb m\u00ebnyr\u00eb. N\u00ebse d\u00ebmtojm\u00eb biznesin e mes\u00ebm dhe t\u00eb madh i vogli \u00ebsht\u00eb komplet i shkat\u00ebrruar.<\/p>\n<p>\u00c7far\u00eb rrezikojn\u00eb bizneset? Bizneset e vogla nuk rritin pagat sepse jan\u00eb m\u00eb shum\u00eb vet\u00ebpun\u00ebsime. Kurse bizneset e m\u00ebdhenj nuk rritin pagat, kemi tendenc\u00ebn q\u00eb njer\u00ebzit t\u00eb largohen nga vendi. Jemi futur n\u00eb nj\u00eb spirale jasht\u00ebzakonisht t\u00eb rrezikshme t\u00eb biznesit n\u00eb Shqip\u00ebri. Bizneset e m\u00ebdha nuk rritin dot pagat me k\u00ebt\u00eb rritje t\u00eb madhe t\u00eb \u00e7mimit t\u00eb naft\u00ebs. Nuk mundet q\u00eb bizneset t\u00eb shtojn\u00eb kostot e tyre duke rritur pag\u00ebn e punonj\u00ebsve, biznesi p\u00ebsojn\u00eb kolaps p\u00ebr shkak t\u00eb fuqis\u00eb pun\u00ebtore t\u00eb munguar dhe t\u00eb larguar. Rrogat e punonj\u00ebsve ka rrezik q\u00eb t\u00eb jepen me vones\u00eb, pra pritshm\u00ebria p\u00ebr rritje page \u00ebsht\u00eb e ul\u00ebt\u201d, tha Alban Zusi.<\/p>\n","protected":false},"excerpt":{"rendered":"<p>Eksperti Alban Zusi i ftuar n\u00eb \u201cFax News\u201d ka folur p\u00ebr rritjen e \u00e7mimeve t\u00eb karburanteve dhe problemet q\u00eb shkakton n\u00eb ekonomin\u00eb. Zusi theksoi se \u00ebsht\u00eb e gabuar q\u00eb t\u00eb mbash \u00e7mimin e lart\u00eb t\u00eb naft\u00ebs me pretendimin se i ke hequr taksat biznesit t\u00eb vog\u00ebl. Sipas tij, \u00e7mimi i lart\u00eb i naft\u00ebs rrezikon q\u00eb [&hellip;]<\/p>\n","protected":false},"author":2020,"featured_media":263838,"comment_status":"closed","ping_status":"closed","sticky":false,"template":"","format":"standard","meta":{"footnotes":""},"categories":[241,5380,231],"tags":[],"class_list":{"0":"post-263837","1":"post","2":"type-post","3":"status-publish","4":"format-standard","5":"has-post-thumbnail","7":"category-aktualitet","8":"category-kryesore","9":"category-lajme"},"_links":{"self":[{"href":"https:\/\/zjarr.tv\/sq\/wp-json\/wp\/v2\/posts\/263837","targetHints":{"allow":["GET"]}}],"collection":[{"href":"https:\/\/zjarr.tv\/sq\/wp-json\/wp\/v2\/posts"}],"about":[{"href":"https:\/\/zjarr.tv\/sq\/wp-json\/wp\/v2\/types\/post"}],"author":[{"embeddable":true,"href":"https:\/\/zjarr.tv\/sq\/wp-json\/wp\/v2\/users\/2020"}],"replies":[{"embeddable":true,"href":"https:\/\/zjarr.tv\/sq\/wp-json\/wp\/v2\/comments?post=263837"}],"version-history":[{"count":0,"href":"https:\/\/zjarr.tv\/sq\/wp-json\/wp\/v2\/posts\/263837\/revisions"}],"wp:featuredmedia":[{"embeddable":true,"href":"https:\/\/zjarr.tv\/sq\/wp-json\/wp\/v2\/media\/263838"}],"wp:attachment":[{"href":"https:\/\/zjarr.tv\/sq\/wp-json\/wp\/v2\/media?parent=263837"}],"wp:term":[{"taxonomy":"category","embeddable":true,"href":"https:\/\/zjarr.tv\/sq\/wp-json\/wp\/v2\/categories?post=263837"},{"taxonomy":"post_tag","embeddable":true,"href":"https:\/\/zjarr.tv\/sq\/wp-json\/wp\/v2\/tags?post=263837"}],"curies":[{"name":"wp","href":"https:\/\/api.w.org\/{rel}","templated":true}]}}