{"id":264120,"date":"2022-06-12T12:15:56","date_gmt":"2022-06-12T10:15:56","guid":{"rendered":"https:\/\/zjarr.tv\/?p=264120"},"modified":"2022-06-12T12:15:56","modified_gmt":"2022-06-12T10:15:56","slug":"31-vjetori-i-ps-mimi-kodheli-poston-foton-me-erion-bracen-me-nje-prej-socialisteve-me-te-vertete","status":"publish","type":"post","link":"https:\/\/zjarr.tv\/sq\/31-vjetori-i-ps-mimi-kodheli-poston-foton-me-erion-bracen-me-nje-prej-socialisteve-me-te-vertete\/","title":{"rendered":"31 vjetori i PS, Mimi Kodheli poston foton me Erion Bra\u00e7en: Me nj\u00eb prej socialist\u00ebve m\u00eb t\u00eb v\u00ebrtet\u00eb"},"content":{"rendered":"<p>Deputetja Mimi Kodheli ka uruar socialist\u00ebt n\u00eb dit\u00eblindjen e 31-t\u00eb t\u00eb Partis\u00eb Socialiste.<\/p>\n<p>Kokedheli ka zgjedhur t\u00eb uroj\u00eb an\u00ebtar\u00ebt e PS me nj\u00eb foto t\u00eb saj me deputetin Erion Bra\u00e7, teksa e quan nj\u00eb \u201csocialist t\u00eb v\u00ebrtet\u00eb\u201d.<\/p>\n<p>\u201cN\u00eb pamund\u00ebsi p\u00ebr t\u00eb vendosur \u00e7do foto t\u00eb b\u00ebr\u00eb n\u00eb gjith\u00eb k\u00ebto vite aktivitet partiak e politik, zgjodha t\u00eb uroj dit\u00eblindjen e Partis\u00eb Socialiste t\u00eb Shqip\u00ebris\u00eb, me nj\u00eb prej socialist\u00ebve m\u00eb t\u00eb v\u00ebrtet\u00eb, koleg e mik si Erion Bra\u00e7e.<\/p>\n<p>G\u00ebzuar 31 vjetorin PS!<\/p>\n<p>G\u00ebzuar \u00e7do socialisti t\u00eb vjet\u00ebr e t\u00eb ri q\u00eb me mendje e zem\u00ebr ka punuar e punon p\u00ebr t\u00eb mir\u00ebn e vendit ton\u00eb t\u00eb dashur\u201d shkruan Kodheli n\u00eb postimin e saj.<\/p>\n","protected":false},"excerpt":{"rendered":"<p>Deputetja Mimi Kodheli ka uruar socialist\u00ebt n\u00eb dit\u00eblindjen e 31-t\u00eb t\u00eb Partis\u00eb Socialiste. Kokedheli ka zgjedhur t\u00eb uroj\u00eb an\u00ebtar\u00ebt e PS me nj\u00eb foto t\u00eb saj me deputetin Erion Bra\u00e7, teksa e quan nj\u00eb \u201csocialist t\u00eb v\u00ebrtet\u00eb\u201d. \u201cN\u00eb pamund\u00ebsi p\u00ebr t\u00eb vendosur \u00e7do foto t\u00eb b\u00ebr\u00eb n\u00eb gjith\u00eb k\u00ebto vite aktivitet partiak e politik, zgjodha [&hellip;]<\/p>\n","protected":false},"author":2020,"featured_media":264121,"comment_status":"closed","ping_status":"closed","sticky":false,"template":"","format":"standard","meta":{"footnotes":""},"categories":[241,5380,231],"tags":[],"class_list":{"0":"post-264120","1":"post","2":"type-post","3":"status-publish","4":"format-standard","5":"has-post-thumbnail","7":"category-aktualitet","8":"category-kryesore","9":"category-lajme"},"_links":{"self":[{"href":"https:\/\/zjarr.tv\/sq\/wp-json\/wp\/v2\/posts\/264120","targetHints":{"allow":["GET"]}}],"collection":[{"href":"https:\/\/zjarr.tv\/sq\/wp-json\/wp\/v2\/posts"}],"about":[{"href":"https:\/\/zjarr.tv\/sq\/wp-json\/wp\/v2\/types\/post"}],"author":[{"embeddable":true,"href":"https:\/\/zjarr.tv\/sq\/wp-json\/wp\/v2\/users\/2020"}],"replies":[{"embeddable":true,"href":"https:\/\/zjarr.tv\/sq\/wp-json\/wp\/v2\/comments?post=264120"}],"version-history":[{"count":0,"href":"https:\/\/zjarr.tv\/sq\/wp-json\/wp\/v2\/posts\/264120\/revisions"}],"wp:featuredmedia":[{"embeddable":true,"href":"https:\/\/zjarr.tv\/sq\/wp-json\/wp\/v2\/media\/264121"}],"wp:attachment":[{"href":"https:\/\/zjarr.tv\/sq\/wp-json\/wp\/v2\/media?parent=264120"}],"wp:term":[{"taxonomy":"category","embeddable":true,"href":"https:\/\/zjarr.tv\/sq\/wp-json\/wp\/v2\/categories?post=264120"},{"taxonomy":"post_tag","embeddable":true,"href":"https:\/\/zjarr.tv\/sq\/wp-json\/wp\/v2\/tags?post=264120"}],"curies":[{"name":"wp","href":"https:\/\/api.w.org\/{rel}","templated":true}]}}