{"id":264143,"date":"2022-06-12T13:33:10","date_gmt":"2022-06-12T11:33:10","guid":{"rendered":"https:\/\/zjarr.tv\/?p=264143"},"modified":"2022-06-12T13:33:10","modified_gmt":"2022-06-12T11:33:10","slug":"arrestimi-i-agim-kajmakut-rama-ben-ironikun-sot-pasdite-me-keni-ne-frigorifer","status":"publish","type":"post","link":"https:\/\/zjarr.tv\/sq\/arrestimi-i-agim-kajmakut-rama-ben-ironikun-sot-pasdite-me-keni-ne-frigorifer\/","title":{"rendered":"Arrestimi i Agim Kajmakut, Rama b\u00ebn ironikun: Sot pasdite m\u00eb keni n\u00eb frigorifer"},"content":{"rendered":"<p>Kryeministri Edi Rama nuk ka folur asnj\u00eb fjal\u00eb p\u00ebr arrestimin e ish-bashkiakut t\u00eb tij t\u00eb Vor\u00ebs Agim Kajmaku, i cili u kap me 20 kg kok*ain\u00eb n\u00eb Itali.<\/p>\n<p>Gjat\u00eb inaugurimit t\u00eb ambienteve t\u00eb reja sportive, ku i pranish\u00ebm ishte edhe Presidenti i Komitetit Olimpik Nd\u00ebrkomb\u00ebtar (IOC), Thomas Bach, Rama ka b\u00ebr\u00eb ironi duke shk\u00ebmbyer edhe batuta me t\u00eb pranishmit.<\/p>\n<p>Rama: Hapni frigoriferin sot pasdite po ju mori malli p\u00ebr mua. Dua t\u00eb n\u00ebnvizoj se n\u00eb bashk\u00ebpunim me Komitetin olimpik Shqiptar, qeveria do t\u00eb mb\u00ebshtes\u00eb n\u00eb vijim\u00ebsi rritjen e k\u00ebsaj l\u00ebvizjeje, krijimin e klasave dhe skuadrave sportive n\u00eb t\u00eb gjitha shkollat e vendit. Krijimin e kampionateve n\u00eb nivel bashkie, n\u00eb nivel qarku dhe n\u00eb nivel komb\u00ebtar, si dhe fuqizimin dhe shtrirjen n\u00eb m\u00ebnyr\u00eb t\u00eb vazhdueshme t\u00eb rrjeteve sportive n\u00eb t\u00eb gjith\u00eb territorin, p\u00ebr t\u00eb b\u00ebr\u00eb dhe lidhjen pastaj mes l\u00ebvizjes olimpike n\u00eb shkolla dhe atyre q\u00eb do t\u00eb vazhdojn\u00eb t\u00eb merren me sport n\u00eb nivel profesionist.<\/p>\n<p>\u00cbsht\u00eb shum\u00eb e qart\u00eb q\u00eb ju keni ardhur k\u00ebtu p\u00ebr t\u2019u arg\u00ebtuar, jo p\u00ebr t\u00eb d\u00ebgjuar fjalime. Po ju mori malli p\u00ebr mua, hapni frigoriferin sot pasdite dhe m\u00eb keni edhe n\u00eb frigorifer po desh\u00ebt.<\/p>\n","protected":false},"excerpt":{"rendered":"<p>Kryeministri Edi Rama nuk ka folur asnj\u00eb fjal\u00eb p\u00ebr arrestimin e ish-bashkiakut t\u00eb tij t\u00eb Vor\u00ebs Agim Kajmaku, i cili u kap me 20 kg kok*ain\u00eb n\u00eb Itali. Gjat\u00eb inaugurimit t\u00eb ambienteve t\u00eb reja sportive, ku i pranish\u00ebm ishte edhe Presidenti i Komitetit Olimpik Nd\u00ebrkomb\u00ebtar (IOC), Thomas Bach, Rama ka b\u00ebr\u00eb ironi duke shk\u00ebmbyer edhe [&hellip;]<\/p>\n","protected":false},"author":2020,"featured_media":264144,"comment_status":"closed","ping_status":"closed","sticky":false,"template":"","format":"standard","meta":{"footnotes":""},"categories":[241,5380,231],"tags":[],"class_list":{"0":"post-264143","1":"post","2":"type-post","3":"status-publish","4":"format-standard","5":"has-post-thumbnail","7":"category-aktualitet","8":"category-kryesore","9":"category-lajme"},"_links":{"self":[{"href":"https:\/\/zjarr.tv\/sq\/wp-json\/wp\/v2\/posts\/264143","targetHints":{"allow":["GET"]}}],"collection":[{"href":"https:\/\/zjarr.tv\/sq\/wp-json\/wp\/v2\/posts"}],"about":[{"href":"https:\/\/zjarr.tv\/sq\/wp-json\/wp\/v2\/types\/post"}],"author":[{"embeddable":true,"href":"https:\/\/zjarr.tv\/sq\/wp-json\/wp\/v2\/users\/2020"}],"replies":[{"embeddable":true,"href":"https:\/\/zjarr.tv\/sq\/wp-json\/wp\/v2\/comments?post=264143"}],"version-history":[{"count":0,"href":"https:\/\/zjarr.tv\/sq\/wp-json\/wp\/v2\/posts\/264143\/revisions"}],"wp:featuredmedia":[{"embeddable":true,"href":"https:\/\/zjarr.tv\/sq\/wp-json\/wp\/v2\/media\/264144"}],"wp:attachment":[{"href":"https:\/\/zjarr.tv\/sq\/wp-json\/wp\/v2\/media?parent=264143"}],"wp:term":[{"taxonomy":"category","embeddable":true,"href":"https:\/\/zjarr.tv\/sq\/wp-json\/wp\/v2\/categories?post=264143"},{"taxonomy":"post_tag","embeddable":true,"href":"https:\/\/zjarr.tv\/sq\/wp-json\/wp\/v2\/tags?post=264143"}],"curies":[{"name":"wp","href":"https:\/\/api.w.org\/{rel}","templated":true}]}}