{"id":264151,"date":"2022-06-12T14:11:51","date_gmt":"2022-06-12T12:11:51","guid":{"rendered":"https:\/\/zjarr.tv\/?p=264151"},"modified":"2022-06-12T14:11:51","modified_gmt":"2022-06-12T12:11:51","slug":"me-kovacevskin-dhe-scholz-rama-poston-videon-per-te-qeshur-dhe-qare-histeria-e-disave-ne-shkup-sherr-mejhaneje-mes-tymit-te-qofteve","status":"publish","type":"post","link":"https:\/\/zjarr.tv\/sq\/me-kovacevskin-dhe-scholz-rama-poston-videon-per-te-qeshur-dhe-qare-histeria-e-disave-ne-shkup-sherr-mejhaneje-mes-tymit-te-qofteve\/","title":{"rendered":"Me Kova\u00e7evskin dhe Scholz\/ Rama poston videon: P\u00ebr t\u00eb qeshur dhe qar\u00eb histeria e disave n\u00eb Shkup, Sherr mejhaneje mes tymit t\u00eb qofteve"},"content":{"rendered":"<p>Kryeministri Edi Rama ka ndar\u00eb nj\u00eb video n\u00eb Twitter me kryeministrin maqedonas Dimitar Kova\u00e7evski dhe kancelarin gjerman Olaf Scholz gjat\u00eb shtr\u00ebngimit t\u00eb duarve n\u00eb Selanik.<\/p>\n<p>Rama shprehet e \u00ebsht\u00eb p\u00ebr t\u00eb qeshur dhe qar\u00eb histeria e disa personave n\u00eb Shkup, pasi ironizoi bllokad\u00ebn e sh\u00ebmtuar ndaj Maqedonis\u00eb s\u00eb Veriut nga ana e Bullgaris\u00eb.<\/p>\n<p>Statusi:<\/p>\n<p>P\u00ebr t\u00eb qeshur dhe qar\u00eb histeria e disave n\u00eb Shkup ndaj kryeministrit Kova\u00e7evski, pas publikimit t\u00eb videos s\u00eb duarshtr\u00ebngimeve me Kancelarin Scholz n\u00eb Selanik, ku ironizova bllokad\u00ebn e sh\u00ebmtuar ndaj Maqedonis\u00eb s\u00eb Veriut nga ana e Bullgaris\u00eb! Sherr mejhaneje mes tymit t\u00eb qofteve<\/p>\n","protected":false},"excerpt":{"rendered":"<p>Kryeministri Edi Rama ka ndar\u00eb nj\u00eb video n\u00eb Twitter me kryeministrin maqedonas Dimitar Kova\u00e7evski dhe kancelarin gjerman Olaf Scholz gjat\u00eb shtr\u00ebngimit t\u00eb duarve n\u00eb Selanik. Rama shprehet e \u00ebsht\u00eb p\u00ebr t\u00eb qeshur dhe qar\u00eb histeria e disa personave n\u00eb Shkup, pasi ironizoi bllokad\u00ebn e sh\u00ebmtuar ndaj Maqedonis\u00eb s\u00eb Veriut nga ana e Bullgaris\u00eb. Statusi: P\u00ebr [&hellip;]<\/p>\n","protected":false},"author":2020,"featured_media":264152,"comment_status":"closed","ping_status":"closed","sticky":false,"template":"","format":"standard","meta":{"footnotes":""},"categories":[241,5380,231],"tags":[],"class_list":{"0":"post-264151","1":"post","2":"type-post","3":"status-publish","4":"format-standard","5":"has-post-thumbnail","7":"category-aktualitet","8":"category-kryesore","9":"category-lajme"},"_links":{"self":[{"href":"https:\/\/zjarr.tv\/sq\/wp-json\/wp\/v2\/posts\/264151","targetHints":{"allow":["GET"]}}],"collection":[{"href":"https:\/\/zjarr.tv\/sq\/wp-json\/wp\/v2\/posts"}],"about":[{"href":"https:\/\/zjarr.tv\/sq\/wp-json\/wp\/v2\/types\/post"}],"author":[{"embeddable":true,"href":"https:\/\/zjarr.tv\/sq\/wp-json\/wp\/v2\/users\/2020"}],"replies":[{"embeddable":true,"href":"https:\/\/zjarr.tv\/sq\/wp-json\/wp\/v2\/comments?post=264151"}],"version-history":[{"count":0,"href":"https:\/\/zjarr.tv\/sq\/wp-json\/wp\/v2\/posts\/264151\/revisions"}],"wp:featuredmedia":[{"embeddable":true,"href":"https:\/\/zjarr.tv\/sq\/wp-json\/wp\/v2\/media\/264152"}],"wp:attachment":[{"href":"https:\/\/zjarr.tv\/sq\/wp-json\/wp\/v2\/media?parent=264151"}],"wp:term":[{"taxonomy":"category","embeddable":true,"href":"https:\/\/zjarr.tv\/sq\/wp-json\/wp\/v2\/categories?post=264151"},{"taxonomy":"post_tag","embeddable":true,"href":"https:\/\/zjarr.tv\/sq\/wp-json\/wp\/v2\/tags?post=264151"}],"curies":[{"name":"wp","href":"https:\/\/api.w.org\/{rel}","templated":true}]}}