{"id":264154,"date":"2022-06-12T14:19:03","date_gmt":"2022-06-12T12:19:03","guid":{"rendered":"https:\/\/zjarr.tv\/?p=264154"},"modified":"2022-06-12T14:19:03","modified_gmt":"2022-06-12T12:19:03","slug":"presidenti-meta-ne-shba-i-lumtur-te-marr-pjese-ne-festimet-e-110-vjetorit-te-themelimit-te-federates-vatra","status":"publish","type":"post","link":"https:\/\/zjarr.tv\/sq\/presidenti-meta-ne-shba-i-lumtur-te-marr-pjese-ne-festimet-e-110-vjetorit-te-themelimit-te-federates-vatra\/","title":{"rendered":"Presidenti Meta n\u00eb SHBA: I lumtur t\u00eb marr pjes\u00eb n\u00eb festimet e 110 vjetorit t\u00eb themelimit t\u00eb Federat\u00ebs \u201cVatra\u201d"},"content":{"rendered":"<p>Presidenti Ilir Meta ka udh\u00ebtuar drejt Shteteve t\u00eb Bashkuara t\u00eb Amerik\u00ebs p\u00ebr t\u00eb marr\u00eb pjes\u00eb n\u00eb festimet e 110-vjetorit t\u00eb themelimit t\u00eb Federat\u00ebs \u201cVatra\u201d.<\/p>\n<p>Presidenti ka ndar\u00eb edhe nj\u00eb foto n\u00eb rrjetet sociale. \u201cI lumtur t\u00eb marr pjes\u00eb sot n\u00eb festimet e 110 vjetorit t\u00eb themelimit t\u00eb Federat\u00ebs Pan-Shqiptare \u201cVatra\u201d, shkruan Meta.<\/p>\n<p>Federata Panshqiptare Vatra \u00ebsht\u00eb nj\u00eb shoqat\u00eb e shqiptar\u00ebve n\u00eb Amerik\u00eb, e krijuar n\u00eb vitin 1912, e cila ka pasur si mision historik mbrojtjen dhe garantimin e t\u00eb drejtave t\u00eb shqiptar\u00ebve n\u00eb SHBA.<\/p>\n","protected":false},"excerpt":{"rendered":"<p>Presidenti Ilir Meta ka udh\u00ebtuar drejt Shteteve t\u00eb Bashkuara t\u00eb Amerik\u00ebs p\u00ebr t\u00eb marr\u00eb pjes\u00eb n\u00eb festimet e 110-vjetorit t\u00eb themelimit t\u00eb Federat\u00ebs \u201cVatra\u201d. Presidenti ka ndar\u00eb edhe nj\u00eb foto n\u00eb rrjetet sociale. \u201cI lumtur t\u00eb marr pjes\u00eb sot n\u00eb festimet e 110 vjetorit t\u00eb themelimit t\u00eb Federat\u00ebs Pan-Shqiptare \u201cVatra\u201d, shkruan Meta. Federata Panshqiptare Vatra [&hellip;]<\/p>\n","protected":false},"author":2020,"featured_media":264155,"comment_status":"closed","ping_status":"closed","sticky":false,"template":"","format":"standard","meta":{"footnotes":""},"categories":[241,5380,231],"tags":[],"class_list":{"0":"post-264154","1":"post","2":"type-post","3":"status-publish","4":"format-standard","5":"has-post-thumbnail","7":"category-aktualitet","8":"category-kryesore","9":"category-lajme"},"_links":{"self":[{"href":"https:\/\/zjarr.tv\/sq\/wp-json\/wp\/v2\/posts\/264154","targetHints":{"allow":["GET"]}}],"collection":[{"href":"https:\/\/zjarr.tv\/sq\/wp-json\/wp\/v2\/posts"}],"about":[{"href":"https:\/\/zjarr.tv\/sq\/wp-json\/wp\/v2\/types\/post"}],"author":[{"embeddable":true,"href":"https:\/\/zjarr.tv\/sq\/wp-json\/wp\/v2\/users\/2020"}],"replies":[{"embeddable":true,"href":"https:\/\/zjarr.tv\/sq\/wp-json\/wp\/v2\/comments?post=264154"}],"version-history":[{"count":0,"href":"https:\/\/zjarr.tv\/sq\/wp-json\/wp\/v2\/posts\/264154\/revisions"}],"wp:featuredmedia":[{"embeddable":true,"href":"https:\/\/zjarr.tv\/sq\/wp-json\/wp\/v2\/media\/264155"}],"wp:attachment":[{"href":"https:\/\/zjarr.tv\/sq\/wp-json\/wp\/v2\/media?parent=264154"}],"wp:term":[{"taxonomy":"category","embeddable":true,"href":"https:\/\/zjarr.tv\/sq\/wp-json\/wp\/v2\/categories?post=264154"},{"taxonomy":"post_tag","embeddable":true,"href":"https:\/\/zjarr.tv\/sq\/wp-json\/wp\/v2\/tags?post=264154"}],"curies":[{"name":"wp","href":"https:\/\/api.w.org\/{rel}","templated":true}]}}