{"id":264157,"date":"2022-06-12T14:40:45","date_gmt":"2022-06-12T12:40:45","guid":{"rendered":"https:\/\/zjarr.tv\/?p=264157"},"modified":"2022-06-12T14:40:45","modified_gmt":"2022-06-12T12:40:45","slug":"berat-buzhala-mllefi-i-vjosa-osmanit-ndaj-rames-ne-nje-foto","status":"publish","type":"post","link":"https:\/\/zjarr.tv\/sq\/berat-buzhala-mllefi-i-vjosa-osmanit-ndaj-rames-ne-nje-foto\/","title":{"rendered":"Berat Buzhala: Mllefi i Vjosa Osmanit ndaj Ram\u00ebs n\u00eb nj\u00eb foto"},"content":{"rendered":"<p>Berat Buzhala ka komentuar gjestin e Vjosa Osmanit, q\u00eb ka prer\u00eb foton me Edi Ram\u00ebn.<\/p>\n<p>Gazetari shkruan se:<\/p>\n<p>\u201cKqyre cfare foto ka zgjedhe Presidentja Osmani, me ilustru darken me Kryeministrin Schulz . Rama i preme n\u2019midis.<\/p>\n<p>Viranja vec mllef osht. Me i thane, cilin po don me e hjeke prej darkes, Ramen a Vuciqin nuk ish mendu as 1 sekond, ta kish fluturu Ramen deri ne Konispol.<\/p>\n<p>Aktualisht e kena ne fuqi nje klase politike qe ndaj Shqiperise politike ka sentimente armiqesore. Per keta nuk ka rendesi qe Rama i ka fitu 50 perqind te votave shqiptare, qaq sa i kane fitu keta.<\/p>\n<p>Thaci kur u pat zgjedhe kryeminister ne vitin 2007, Berisha ka qene kryeminister ne Shqiperi. I paten tejkalu inatet personale, edhe paten arrite me i majte te dy shtete ne raporte te mira.<\/p>\n<p>Shume qesharake krejt situata\u201d, shkruan Buzhala.<\/p>\n","protected":false},"excerpt":{"rendered":"<p>Berat Buzhala ka komentuar gjestin e Vjosa Osmanit, q\u00eb ka prer\u00eb foton me Edi Ram\u00ebn. Gazetari shkruan se: \u201cKqyre cfare foto ka zgjedhe Presidentja Osmani, me ilustru darken me Kryeministrin Schulz . Rama i preme n\u2019midis. Viranja vec mllef osht. Me i thane, cilin po don me e hjeke prej darkes, Ramen a Vuciqin nuk [&hellip;]<\/p>\n","protected":false},"author":2020,"featured_media":103557,"comment_status":"closed","ping_status":"closed","sticky":false,"template":"","format":"standard","meta":{"footnotes":""},"categories":[241,5380,231],"tags":[],"class_list":{"0":"post-264157","1":"post","2":"type-post","3":"status-publish","4":"format-standard","5":"has-post-thumbnail","7":"category-aktualitet","8":"category-kryesore","9":"category-lajme"},"_links":{"self":[{"href":"https:\/\/zjarr.tv\/sq\/wp-json\/wp\/v2\/posts\/264157","targetHints":{"allow":["GET"]}}],"collection":[{"href":"https:\/\/zjarr.tv\/sq\/wp-json\/wp\/v2\/posts"}],"about":[{"href":"https:\/\/zjarr.tv\/sq\/wp-json\/wp\/v2\/types\/post"}],"author":[{"embeddable":true,"href":"https:\/\/zjarr.tv\/sq\/wp-json\/wp\/v2\/users\/2020"}],"replies":[{"embeddable":true,"href":"https:\/\/zjarr.tv\/sq\/wp-json\/wp\/v2\/comments?post=264157"}],"version-history":[{"count":0,"href":"https:\/\/zjarr.tv\/sq\/wp-json\/wp\/v2\/posts\/264157\/revisions"}],"wp:featuredmedia":[{"embeddable":true,"href":"https:\/\/zjarr.tv\/sq\/wp-json\/wp\/v2\/media\/103557"}],"wp:attachment":[{"href":"https:\/\/zjarr.tv\/sq\/wp-json\/wp\/v2\/media?parent=264157"}],"wp:term":[{"taxonomy":"category","embeddable":true,"href":"https:\/\/zjarr.tv\/sq\/wp-json\/wp\/v2\/categories?post=264157"},{"taxonomy":"post_tag","embeddable":true,"href":"https:\/\/zjarr.tv\/sq\/wp-json\/wp\/v2\/tags?post=264157"}],"curies":[{"name":"wp","href":"https:\/\/api.w.org\/{rel}","templated":true}]}}