{"id":264181,"date":"2022-06-12T20:24:46","date_gmt":"2022-06-12T18:24:46","guid":{"rendered":"https:\/\/zjarr.tv\/?p=264181"},"modified":"2022-06-12T20:24:46","modified_gmt":"2022-06-12T18:24:46","slug":"e-bene-te-vdekur-reagon-eni-cobani-jam-gjalle-dhe-do-i-coj-ne-burg","status":"publish","type":"post","link":"https:\/\/zjarr.tv\/sq\/e-bene-te-vdekur-reagon-eni-cobani-jam-gjalle-dhe-do-i-coj-ne-burg\/","title":{"rendered":"E b\u00ebn\u00eb t\u00eb \u201cvdekur\u201d, reagon Eni \u00c7obani: Jam gjall\u00eb dhe do i \u00e7oj n\u00eb burg"},"content":{"rendered":"<p>Eni \u00c7obani ishte viktima m\u00eb e fundit e portaleve ku n\u00eb nj\u00eb lajm thuhej se ajo kishte nd\u00ebrruar jet\u00eb. <\/p>\n<p>Dit\u00ebn e sotme, gjat\u00eb rubrik\u00ebs \u201cShihemi n\u00eb Gjyq\u201d, pas p\u00ebrsh\u00ebndetjes, ajo iu adresua menj\u00ebher\u00eb lajmit t\u00eb rrem\u00eb.<\/p>\n<p>Ardit Gjebrea:\u00a0P\u00ebr ju zonja Eni m\u00eb kan\u00eb pyetur t\u00eb gjith\u00eb, pas nj\u00eb lajmi q\u00eb ka qarkulluar n\u00ebp\u00ebr portale, q\u00eb nuk ma nx\u00eb goja ta them\u2026 <\/p>\n<p>Eni \u00c7obani:\u00a0Guxim i madh, n\u00eb fakt. Un\u00eb i fal\u00ebnderoj t\u00eb gjith\u00eb shqiptar\u00ebt q\u00eb realisht kan\u00eb treguar nj\u00eb dashuri t\u00eb madhe dit\u00eb pas dite dhe jav\u00eb pas jave. Kam menduar q\u00eb ai lajm do hiqej, por vazhdon t\u00eb jet\u00eb. At\u00ebher\u00eb, meqen\u00ebse vazhdon t\u00eb jet\u00eb, edhe un\u00eb po e them sot publikisht, jam mir\u00eb, jam me sh\u00ebndet t\u00eb plot\u00eb, faleminderit p\u00ebr mb\u00ebshtetjen. Do jetoj sa ma ka caktuar fati dhe Zoti, k\u00ebshtu q\u00eb sado ta thoni, ju nuk e shk\u00ebpusni dot jet\u00ebn time. K\u00ebshtu q\u00eb faleminderit, Eni \u00c7obani \u00ebsht\u00eb gjall\u00eb. <\/p>\n<p>Duke i paralajm\u00ebruar t\u00eb tregohen t\u00eb kujdessh\u00ebm me deklaratat dhe lajmet e prodhuara sepse cenojn\u00eb jo vet\u00ebm figur\u00ebn e p\u00ebrmendur, por edhe familjar\u00ebt e tyre, Eni tha se n\u00ebse lajmi nuk hiqet, at\u00ebher\u00eb ajo do ti d\u00ebrgoj\u00eb n\u00eb gjyq.<\/p>\n<p>Eni \u00c7obani:\u00a0N\u00ebse nuk hiqet brenda k\u00ebsaj jave, un\u00eb po b\u00ebj nj\u00eb premtim publik, do t\u00eb jem njeriu i par\u00eb publik q\u00eb do t\u00eb b\u00ebj nj\u00eb kall\u00ebzim penal n\u00eb prokurorin\u00eb e Tiran\u00ebs p\u00ebr t\u00eb gjetur p\u00ebrfundimisht kush jan\u00eb personat, administrator\u00ebt e k\u00ebsaj faqeje, q\u00eb besoj se e di se kush \u00ebsht\u00eb, un\u00eb nuk dua ta them publikisht, por t\u00eb gjith\u00eb e kan\u00eb par\u00eb dhe do t\u00eb p\u00ebrballen me mua penalisht dhe ligj\u00ebrisht p\u00ebr k\u00ebt\u00eb lajm q\u00eb kan\u00eb nxjerr\u00eb.<\/p>\n","protected":false},"excerpt":{"rendered":"<p>Eni \u00c7obani ishte viktima m\u00eb e fundit e portaleve ku n\u00eb nj\u00eb lajm thuhej se ajo kishte nd\u00ebrruar jet\u00eb. Dit\u00ebn e sotme, gjat\u00eb rubrik\u00ebs \u201cShihemi n\u00eb Gjyq\u201d, pas p\u00ebrsh\u00ebndetjes, ajo iu adresua menj\u00ebher\u00eb lajmit t\u00eb rrem\u00eb. Ardit Gjebrea:\u00a0P\u00ebr ju zonja Eni m\u00eb kan\u00eb pyetur t\u00eb gjith\u00eb, pas nj\u00eb lajmi q\u00eb ka qarkulluar n\u00ebp\u00ebr portale, q\u00eb [&hellip;]<\/p>\n","protected":false},"author":2031,"featured_media":264182,"comment_status":"closed","ping_status":"closed","sticky":false,"template":"","format":"standard","meta":{"footnotes":""},"categories":[241,231,235],"tags":[],"class_list":{"0":"post-264181","1":"post","2":"type-post","3":"status-publish","4":"format-standard","5":"has-post-thumbnail","7":"category-aktualitet","8":"category-lajme","9":"category-vendi"},"_links":{"self":[{"href":"https:\/\/zjarr.tv\/sq\/wp-json\/wp\/v2\/posts\/264181","targetHints":{"allow":["GET"]}}],"collection":[{"href":"https:\/\/zjarr.tv\/sq\/wp-json\/wp\/v2\/posts"}],"about":[{"href":"https:\/\/zjarr.tv\/sq\/wp-json\/wp\/v2\/types\/post"}],"author":[{"embeddable":true,"href":"https:\/\/zjarr.tv\/sq\/wp-json\/wp\/v2\/users\/2031"}],"replies":[{"embeddable":true,"href":"https:\/\/zjarr.tv\/sq\/wp-json\/wp\/v2\/comments?post=264181"}],"version-history":[{"count":0,"href":"https:\/\/zjarr.tv\/sq\/wp-json\/wp\/v2\/posts\/264181\/revisions"}],"wp:featuredmedia":[{"embeddable":true,"href":"https:\/\/zjarr.tv\/sq\/wp-json\/wp\/v2\/media\/264182"}],"wp:attachment":[{"href":"https:\/\/zjarr.tv\/sq\/wp-json\/wp\/v2\/media?parent=264181"}],"wp:term":[{"taxonomy":"category","embeddable":true,"href":"https:\/\/zjarr.tv\/sq\/wp-json\/wp\/v2\/categories?post=264181"},{"taxonomy":"post_tag","embeddable":true,"href":"https:\/\/zjarr.tv\/sq\/wp-json\/wp\/v2\/tags?post=264181"}],"curies":[{"name":"wp","href":"https:\/\/api.w.org\/{rel}","templated":true}]}}