{"id":264193,"date":"2022-06-13T09:11:34","date_gmt":"2022-06-13T07:11:34","guid":{"rendered":"https:\/\/zjarr.tv\/?p=264193"},"modified":"2022-06-13T09:11:34","modified_gmt":"2022-06-13T07:11:34","slug":"berisha-nxjerr-dokumentin-me-firmen-e-nanos-si-u-ndryshua-emri-nga-ppsh-ne-ps","status":"publish","type":"post","link":"https:\/\/zjarr.tv\/sq\/berisha-nxjerr-dokumentin-me-firmen-e-nanos-si-u-ndryshua-emri-nga-ppsh-ne-ps\/","title":{"rendered":"Berisha nxjerr dokumentin me firm\u00ebn e Nanos: Si u ndryshua emri nga PPSH n\u00eb PS"},"content":{"rendered":"<p>Ish-kryeministri Sali Berisha, ka publikuar nj\u00eb dokument i cili sipas tij ka t\u00eb b\u00ebj\u00eb me nd\u00ebrrimin e emrit nga PPSH n\u00eb PS, 31 vjet m\u00eb par\u00eb dhe jo rithemelim.<\/p>\n<p>P\u00ebrmes nj\u00eb postimi n\u00eb \u201cFacebook\u201d, Berisha krah dokumentit shkruan se fallsifikator\u00ebt e historis\u00eb kan\u00eb praqitur nd\u00ebrimmin e emrit si rithemelim dhe ky dokument mban firm\u00ebn e Fatos Nanos n\u00eb 3 korrik t\u00eb 1991.<\/p>\n<p>\u201cJa dokumenti! Per fallsifikatoret e historise qe paraqesin nderrimin e emerit si rithemelim!\u201d, shkruan Berisha.<\/p>\n","protected":false},"excerpt":{"rendered":"<p>Ish-kryeministri Sali Berisha, ka publikuar nj\u00eb dokument i cili sipas tij ka t\u00eb b\u00ebj\u00eb me nd\u00ebrrimin e emrit nga PPSH n\u00eb PS, 31 vjet m\u00eb par\u00eb dhe jo rithemelim. P\u00ebrmes nj\u00eb postimi n\u00eb \u201cFacebook\u201d, Berisha krah dokumentit shkruan se fallsifikator\u00ebt e historis\u00eb kan\u00eb praqitur nd\u00ebrimmin e emrit si rithemelim dhe ky dokument mban firm\u00ebn e [&hellip;]<\/p>\n","protected":false},"author":2031,"featured_media":264194,"comment_status":"closed","ping_status":"closed","sticky":false,"template":"","format":"standard","meta":{"footnotes":""},"categories":[241,231,235],"tags":[],"class_list":{"0":"post-264193","1":"post","2":"type-post","3":"status-publish","4":"format-standard","5":"has-post-thumbnail","7":"category-aktualitet","8":"category-lajme","9":"category-vendi"},"_links":{"self":[{"href":"https:\/\/zjarr.tv\/sq\/wp-json\/wp\/v2\/posts\/264193","targetHints":{"allow":["GET"]}}],"collection":[{"href":"https:\/\/zjarr.tv\/sq\/wp-json\/wp\/v2\/posts"}],"about":[{"href":"https:\/\/zjarr.tv\/sq\/wp-json\/wp\/v2\/types\/post"}],"author":[{"embeddable":true,"href":"https:\/\/zjarr.tv\/sq\/wp-json\/wp\/v2\/users\/2031"}],"replies":[{"embeddable":true,"href":"https:\/\/zjarr.tv\/sq\/wp-json\/wp\/v2\/comments?post=264193"}],"version-history":[{"count":0,"href":"https:\/\/zjarr.tv\/sq\/wp-json\/wp\/v2\/posts\/264193\/revisions"}],"wp:featuredmedia":[{"embeddable":true,"href":"https:\/\/zjarr.tv\/sq\/wp-json\/wp\/v2\/media\/264194"}],"wp:attachment":[{"href":"https:\/\/zjarr.tv\/sq\/wp-json\/wp\/v2\/media?parent=264193"}],"wp:term":[{"taxonomy":"category","embeddable":true,"href":"https:\/\/zjarr.tv\/sq\/wp-json\/wp\/v2\/categories?post=264193"},{"taxonomy":"post_tag","embeddable":true,"href":"https:\/\/zjarr.tv\/sq\/wp-json\/wp\/v2\/tags?post=264193"}],"curies":[{"name":"wp","href":"https:\/\/api.w.org\/{rel}","templated":true}]}}