{"id":264197,"date":"2022-06-13T09:16:42","date_gmt":"2022-06-13T07:16:42","guid":{"rendered":"https:\/\/zjarr.tv\/?p=264197"},"modified":"2022-06-13T09:16:42","modified_gmt":"2022-06-13T07:16:42","slug":"ditelindja-e-ps-cfare-nuk-u-pa-ne-festen-hermetike-te-socialisteve-te-ftuarit-u-kontrolluan-per-sende-metalike","status":"publish","type":"post","link":"https:\/\/zjarr.tv\/sq\/ditelindja-e-ps-cfare-nuk-u-pa-ne-festen-hermetike-te-socialisteve-te-ftuarit-u-kontrolluan-per-sende-metalike\/","title":{"rendered":"Dit\u00eblindja e PS, \u00e7far\u00eb nuk u pa n\u00eb fest\u00ebn hermetike t\u00eb socialist\u00ebve, t\u00eb ftuarit u kontrolluan p\u00ebr sende metalike"},"content":{"rendered":"<p>Fest\u00eb gjysm\u00eb private dhe n\u00ebn masa t\u00eb rrepta sigurie. I till\u00eb ishte dje p\u00ebr socialist\u00ebt 31-vjetori i krijimit t\u00eb Partis\u00eb Socialiste.<\/p>\n<p>Festa u konsiderua vet\u00ebm p\u00ebr familjen socialiste, e cila u mblodh n\u00eb oborrin e selis\u00eb n\u00eb nj\u00eb aktivitet pa fjal\u00eb t\u00eb mbajtura nga zyrtar\u00ebt e partis\u00eb, pa kamera dhe t\u00eb rrethuar nga nj\u00eb perimet\u00ebr i gjer\u00eb sigurie, duke mos lejuar kalimin pran\u00eb. Pritja n\u00eb oborrin e Partis\u00eb Socialiste ishte organizuar n\u00eb masa t\u00eb rrepta t\u00eb forcave t\u00eb Gard\u00ebs, ku t\u00eb ftuarit u kontrolluan fizikisht dhe me metal-detektor p\u00ebr sende metalike.<\/p>\n<p>Gjith\u00e7ka nisi me himnin komb\u00ebtar, nd\u00ebrkoh\u00eb q\u00eb n\u00eb oborr u vendos\u00ebn edhe disa tavolina p\u00ebr q\u00ebndrimin e t\u00eb ftuarve. N\u00eb nj\u00ebr\u00ebn an\u00eb t\u00eb selis\u00eb, t\u00eb ftuarit u prit\u00ebn nga kryebashkiaku Erion Veliaj, Sekretari i P\u00ebrgjithsh\u00ebm Damian Gjiknuri dhe deputet\u00ebt Etjen Xhafaj dhe Blerina Gjylameti. Nd\u00ebrkoh\u00eb, n\u00eb nj\u00eb pjes\u00eb tjet\u00ebr t\u00eb selis\u00eb ishin Beldi Klosi dhe Anila Denaj q\u00eb presnin t\u00eb ftuarit.<\/p>\n<p>Ftes\u00ebn e shoq\u00ebruan k\u00ebng\u00ebt e \u201cQueen \u2013 We Are The Champions\u201d dhe k\u00ebng\u00ebt e \u201cU2 \u2013 With Or Without You\u201d. PS shfaqi nj\u00eb dokumentar t\u00eb shkurt\u00ebr p\u00ebr aktivitetin politik t\u00eb k\u00ebsaj force, nd\u00ebrkoh\u00eb q\u00eb n\u00eb sfond u d\u00ebgjua vet\u00ebm fjalimi i shkurt\u00ebr i Damian Gjiknurit, i cili \u00e7eli festimet, shp\u00ebrtheu fishekzjarr\u00ebt dhe tha: \u201cRroft\u00eb Partia Socialiste dhe rroft\u00eb Shqip\u00ebria!\u201d.<\/p>\n","protected":false},"excerpt":{"rendered":"<p>Fest\u00eb gjysm\u00eb private dhe n\u00ebn masa t\u00eb rrepta sigurie. I till\u00eb ishte dje p\u00ebr socialist\u00ebt 31-vjetori i krijimit t\u00eb Partis\u00eb Socialiste. Festa u konsiderua vet\u00ebm p\u00ebr familjen socialiste, e cila u mblodh n\u00eb oborrin e selis\u00eb n\u00eb nj\u00eb aktivitet pa fjal\u00eb t\u00eb mbajtura nga zyrtar\u00ebt e partis\u00eb, pa kamera dhe t\u00eb rrethuar nga nj\u00eb perimet\u00ebr [&hellip;]<\/p>\n","protected":false},"author":2031,"featured_media":264198,"comment_status":"closed","ping_status":"closed","sticky":false,"template":"","format":"standard","meta":{"footnotes":""},"categories":[241,231,235],"tags":[],"class_list":{"0":"post-264197","1":"post","2":"type-post","3":"status-publish","4":"format-standard","5":"has-post-thumbnail","7":"category-aktualitet","8":"category-lajme","9":"category-vendi"},"_links":{"self":[{"href":"https:\/\/zjarr.tv\/sq\/wp-json\/wp\/v2\/posts\/264197","targetHints":{"allow":["GET"]}}],"collection":[{"href":"https:\/\/zjarr.tv\/sq\/wp-json\/wp\/v2\/posts"}],"about":[{"href":"https:\/\/zjarr.tv\/sq\/wp-json\/wp\/v2\/types\/post"}],"author":[{"embeddable":true,"href":"https:\/\/zjarr.tv\/sq\/wp-json\/wp\/v2\/users\/2031"}],"replies":[{"embeddable":true,"href":"https:\/\/zjarr.tv\/sq\/wp-json\/wp\/v2\/comments?post=264197"}],"version-history":[{"count":0,"href":"https:\/\/zjarr.tv\/sq\/wp-json\/wp\/v2\/posts\/264197\/revisions"}],"wp:featuredmedia":[{"embeddable":true,"href":"https:\/\/zjarr.tv\/sq\/wp-json\/wp\/v2\/media\/264198"}],"wp:attachment":[{"href":"https:\/\/zjarr.tv\/sq\/wp-json\/wp\/v2\/media?parent=264197"}],"wp:term":[{"taxonomy":"category","embeddable":true,"href":"https:\/\/zjarr.tv\/sq\/wp-json\/wp\/v2\/categories?post=264197"},{"taxonomy":"post_tag","embeddable":true,"href":"https:\/\/zjarr.tv\/sq\/wp-json\/wp\/v2\/tags?post=264197"}],"curies":[{"name":"wp","href":"https:\/\/api.w.org\/{rel}","templated":true}]}}