{"id":264201,"date":"2022-06-13T10:02:07","date_gmt":"2022-06-13T08:02:07","guid":{"rendered":"https:\/\/zjarr.tv\/?p=264201"},"modified":"2022-06-13T10:02:07","modified_gmt":"2022-06-13T08:02:07","slug":"koncesionet-e-shendetesise","status":"publish","type":"post","link":"https:\/\/zjarr.tv\/sq\/koncesionet-e-shendetesise\/","title":{"rendered":"Koncesionet e sh\u00ebndet\u00ebsis\u00eb\u2026"},"content":{"rendered":"<p>Nga Erion Dasho\/<\/p>\n<p>Si kudo, edhe n\u00eb rastin e koncesioneve t\u00eb sh\u00ebndet\u00ebsis\u00eb shihet tendenca p\u00ebr t\u2019u hetuar dhe ndoshta nd\u00ebshkuar zbatuesit e urdh\u00ebrave.<\/p>\n<p>Un\u00eb nuk jam jurist dhe nuk mund t\u00eb p\u00ebrcaktoj dot se sa p\u00ebrgjegj\u00ebs \u00ebsht\u00eb \u2018x\u2019 apo \u2018y\u2019 zyrtar, por at\u00eb q\u00eb di dhe sheh \u00e7do shqiptar, sigurisht q\u00eb e shoh edhe un\u00eb:<\/p>\n<p>Koncesionet nuk u nxit\u00ebn dhe as u aplikuan nga antar\u00ebt e komisioneve t\u00eb tenderave!<\/p>\n<p>Jo!!!<\/p>\n<p>Koncesionet dhe PPP-t\u00eb jan\u00eb praktika q\u00eb zgjodhi Rilindja p\u00ebr t\u00eb favorizuar oligark\u00ebt dhe p\u00ebr t\u00eb rrjepur paret publike!<\/p>\n<p>N\u00ebse sot SPAK b\u00ebn sikur heton koncesionet, por l\u00eb jasht\u00eb loj\u00ebs Kryeministrin dhe oligark\u00ebt p\u00ebrfitues, sigurisht q\u00eb k\u00ebto \u201chetime\u201d b\u00ebhen vet\u00ebm p\u00ebr t\u2019i hedhur hi syve publikut.<\/p>\n<p>Brenda qeverisjes, fajtor\u00ebt dhe p\u00ebrgjegj\u00ebsit kryesor\u00eb p\u00ebr bat\u00ebrdin\u00eb e koncesioneve jan\u00eb Kryeministri dhe nj\u00eb tuf\u00eb ministrash t\u00eb besuar rreth tij.<\/p>\n<p>N\u00ebse nuk nd\u00ebshkohet kjo band\u00eb, hetimi dhe nd\u00ebshkimi i n\u00ebpun\u00ebsve vet\u00ebm e thellon padrejt\u00ebsin\u00eb dhe mashtrimin.<\/p>\n<p>Shqiptar\u00ebt nuk kan\u00eb nevoj\u00eb p\u00ebr k\u00ebt\u00eb lloj \u201cdrejt\u00ebsie\u201d\u2026<\/p>\n","protected":false},"excerpt":{"rendered":"<p>Nga Erion Dasho\/ Si kudo, edhe n\u00eb rastin e koncesioneve t\u00eb sh\u00ebndet\u00ebsis\u00eb shihet tendenca p\u00ebr t\u2019u hetuar dhe ndoshta nd\u00ebshkuar zbatuesit e urdh\u00ebrave. Un\u00eb nuk jam jurist dhe nuk mund t\u00eb p\u00ebrcaktoj dot se sa p\u00ebrgjegj\u00ebs \u00ebsht\u00eb \u2018x\u2019 apo \u2018y\u2019 zyrtar, por at\u00eb q\u00eb di dhe sheh \u00e7do shqiptar, sigurisht q\u00eb e shoh edhe un\u00eb: [&hellip;]<\/p>\n","protected":false},"author":2031,"featured_media":264202,"comment_status":"closed","ping_status":"closed","sticky":false,"template":"","format":"standard","meta":{"footnotes":""},"categories":[241,231,235],"tags":[],"class_list":{"0":"post-264201","1":"post","2":"type-post","3":"status-publish","4":"format-standard","5":"has-post-thumbnail","7":"category-aktualitet","8":"category-lajme","9":"category-vendi"},"_links":{"self":[{"href":"https:\/\/zjarr.tv\/sq\/wp-json\/wp\/v2\/posts\/264201","targetHints":{"allow":["GET"]}}],"collection":[{"href":"https:\/\/zjarr.tv\/sq\/wp-json\/wp\/v2\/posts"}],"about":[{"href":"https:\/\/zjarr.tv\/sq\/wp-json\/wp\/v2\/types\/post"}],"author":[{"embeddable":true,"href":"https:\/\/zjarr.tv\/sq\/wp-json\/wp\/v2\/users\/2031"}],"replies":[{"embeddable":true,"href":"https:\/\/zjarr.tv\/sq\/wp-json\/wp\/v2\/comments?post=264201"}],"version-history":[{"count":0,"href":"https:\/\/zjarr.tv\/sq\/wp-json\/wp\/v2\/posts\/264201\/revisions"}],"wp:featuredmedia":[{"embeddable":true,"href":"https:\/\/zjarr.tv\/sq\/wp-json\/wp\/v2\/media\/264202"}],"wp:attachment":[{"href":"https:\/\/zjarr.tv\/sq\/wp-json\/wp\/v2\/media?parent=264201"}],"wp:term":[{"taxonomy":"category","embeddable":true,"href":"https:\/\/zjarr.tv\/sq\/wp-json\/wp\/v2\/categories?post=264201"},{"taxonomy":"post_tag","embeddable":true,"href":"https:\/\/zjarr.tv\/sq\/wp-json\/wp\/v2\/tags?post=264201"}],"curies":[{"name":"wp","href":"https:\/\/api.w.org\/{rel}","templated":true}]}}