{"id":264221,"date":"2022-06-13T11:35:52","date_gmt":"2022-06-13T09:35:52","guid":{"rendered":"https:\/\/zjarr.tv\/?p=264221"},"modified":"2022-06-13T11:35:52","modified_gmt":"2022-06-13T09:35:52","slug":"i-doli-emri-te-pergjimet-me-italianet-mjeku-aurel-vula-sqaron-ne-itali-isha-per-familjaret-e-mi-vjehrra-u-operua-nga-zemra-dhe-nderroi-jete","status":"publish","type":"post","link":"https:\/\/zjarr.tv\/sq\/i-doli-emri-te-pergjimet-me-italianet-mjeku-aurel-vula-sqaron-ne-itali-isha-per-familjaret-e-mi-vjehrra-u-operua-nga-zemra-dhe-nderroi-jete\/","title":{"rendered":"I doli emri te p\u00ebrgjimet me italian\u00ebt, mjeku Aurel Vula sqaron: N\u00eb Itali isha p\u00ebr familjar\u00ebt e mi, vjehrra u operua nga zemra dhe nd\u00ebrroi jet\u00eb"},"content":{"rendered":"<p>Mjeku Aurel Vula, emri i t\u00eb cilit doli n\u00eb p\u00ebrgjimet q\u00eb SPAK dhe Antimafia e Milanos, p\u00ebr trafikimin e ila\u00e7eve t\u00eb Covidit dhe falsifikimin e recetave mjek\u00ebsore. Ai sqaron se nuk ka gisht n\u00eb k\u00ebto episode dhe thot\u00eb se ka besim se drejt\u00ebsia do zbardh\u00eb t\u00eb v\u00ebrtet\u00ebn.<\/p>\n<p>\u201c[\u2026] arsyet e vizitave tona familjare n\u00eb Itali kan\u00eb q\u00ebn\u00eb krejt\u00ebsisht sh\u00ebndet\u00ebsore, t\u00eb lidhura me rrezikimin e jet\u00ebs s\u00eb dy prind\u00ebrve t\u00eb bashk\u00ebshortes sime. T\u00eb dy k\u00ebta t\u00eb fundit  i jan\u00eb n\u00ebnshtruar nd\u00ebrhyrjeve t\u00eb p\u00ebrs\u00ebritura kirurgjikale n\u00eb zem\u00ebr nga ku n\u00ebna e bashk\u00ebshortes humbi edhe jet\u00ebn. T\u00eb gjitha k\u00ebto ngjarje sh\u00ebndet\u00ebsore jan\u00eb t\u00eb dokumentuara nga autoritetet spitalore italiane\u201d, shkruan Vula.<br \/>\nMjeku pediat\u00ebr deklaron se nuk ka l\u00ebshuar asnj\u00eb certifikat\u00eb p\u00ebrcjell\u00ebse p\u00ebr pacient\u00eb t\u00eb sugjeruar p\u00ebr shtrim n\u00eb Itali; si dhe nuk ka l\u00ebshuar asnj\u00eb dokument t\u00eb \u00e7far\u00ebdolloj natyre q\u00eb t\u00eb mund t\u00eb leht\u00ebsonte procedurat e kalimit t\u00eb kufirit t\u00eb shtetasve shqiptar\u00eb gjat\u00eb koh\u00ebs s\u00eb pandemis\u00eb.<\/p>\n<p>DEKLARAT\u00cb PUBLIKE \u2013 Aurel Vula<\/p>\n<p>Duke marr\u00eb shkas nga njoftimi i b\u00ebr\u00eb publik dit\u00ebt e fundit nga autoritetet e drejt\u00ebsis\u00eb italiane d\u00ebshiroj t\u2019i b\u00ebj t\u00eb ditur publikut shqiptar si vijon: P\u00ebrfshirja e personit tim dhe familjar\u00ebve t\u00eb mi n\u00eb k\u00ebt\u00eb njoftim nuk ka asnj\u00eb lidhje me realitetin e nd\u00ebrtuar n\u00eb media k\u00ebto dit\u00eb.<\/p>\n<p>P\u00ebr t\u00eb q\u00ebn\u00eb transparent, arsyet e vizitave tona familjare n\u00eb Itali kan\u00eb q\u00ebn\u00eb krejt\u00ebsisht sh\u00ebndet\u00ebsore, t\u00eb lidhura me rrezikimin e jet\u00ebs s\u00eb dy prind\u00ebrve t\u00eb bashk\u00ebshortes sime. T\u00eb dy k\u00ebta t\u00eb fundit  i jan\u00eb n\u00ebnshtruar nd\u00ebrhyrjeve t\u00eb p\u00ebrs\u00ebritura kirurgjikale n\u00eb zem\u00ebr nga ku n\u00ebna e bashk\u00ebshortes humbi edhe jet\u00ebn. T\u00eb gjitha k\u00ebto ngjarje sh\u00ebndet\u00ebsore jan\u00eb t\u00eb dokumentuara nga autoritetet spitalore italiane.  Nisur nga drama familiare p\u00ebr humbjen e nj\u00ebriut t\u00eb af\u00ebrt, kjo ngjarje krijon sensitivitet t\u00eb lart\u00eb p\u00ebr mua dhe familiar\u00ebt e mi.<\/p>\n<p>Un\u00eb jam mjek pediat\u00ebr dhe me p\u00ebrgjegjshm\u00ebri t\u00eb plot\u00eb deklaroj se n\u00eb asnj\u00eb moment:<\/p>\n<p>\u27a2 Nuk kam l\u00ebshuar asnj\u00eb \u00e7ertifikat\u00eb apo epikriz\u00eb p\u00ebrcjell\u00ebse p\u00ebr pacient\u00eb t\u00eb sugjeruar p\u00ebr shtrim n\u00eb Itali;<\/p>\n<p>\u27a2 Nuk kam l\u00ebshuar asnj\u00eb dokument t\u00eb \u00e7far\u00ebdolloj natyre q\u00eb t\u00eb mund t\u00eb leht\u00ebsonte procedurat e kalimit t\u00eb kufirit t\u00eb shtetasve shqiptar\u00eb gjat\u00eb koh\u00ebs s\u00eb pandemis\u00eb n\u00eb shtetin Italian;<\/p>\n<p>I lutem t\u00eb gjitha mediave t\u00eb respektojn\u00eb integritetin tim profesional dhe moral  t\u00eb cilin e kam ndertuar me p\u00ebrkushtim dhe sakrifica n\u00eb \u00e7do koh\u00eb n\u00eb ndihm\u00eb t\u00eb \u00e7do pacienti, pa l\u00ebn\u00eb m\u00ebnjan\u00eb kontributin gjat\u00eb periudhes s\u00eb pandemis\u00eb si pasoj\u00eb e  Sars-Cov 19.<\/p>\n<p>N\u00eb t\u00eb nj\u00ebjt\u00ebn koh\u00eb, falenderoj t\u00eb gjith\u00eb dashamir\u00ebsit t\u00eb af\u00ebrm, koleg\u00eb dhe pacient\u00ebt e mi p\u00ebr mb\u00ebshtetjen e treguar me an\u00eb t\u00eb mesazheve dhe telefonatave t\u00eb panum\u00ebrta gjat\u00eb k\u00ebtyre dit\u00ebve.Me besimin e plot\u00eb tek drejt\u00ebsia, Aurel VULA!<\/p>\n","protected":false},"excerpt":{"rendered":"<p>Mjeku Aurel Vula, emri i t\u00eb cilit doli n\u00eb p\u00ebrgjimet q\u00eb SPAK dhe Antimafia e Milanos, p\u00ebr trafikimin e ila\u00e7eve t\u00eb Covidit dhe falsifikimin e recetave mjek\u00ebsore. Ai sqaron se nuk ka gisht n\u00eb k\u00ebto episode dhe thot\u00eb se ka besim se drejt\u00ebsia do zbardh\u00eb t\u00eb v\u00ebrtet\u00ebn. \u201c[\u2026] arsyet e vizitave tona familjare n\u00eb Itali [&hellip;]<\/p>\n","protected":false},"author":2031,"featured_media":264222,"comment_status":"closed","ping_status":"closed","sticky":false,"template":"","format":"standard","meta":{"footnotes":""},"categories":[241,231,235],"tags":[],"class_list":{"0":"post-264221","1":"post","2":"type-post","3":"status-publish","4":"format-standard","5":"has-post-thumbnail","7":"category-aktualitet","8":"category-lajme","9":"category-vendi"},"_links":{"self":[{"href":"https:\/\/zjarr.tv\/sq\/wp-json\/wp\/v2\/posts\/264221","targetHints":{"allow":["GET"]}}],"collection":[{"href":"https:\/\/zjarr.tv\/sq\/wp-json\/wp\/v2\/posts"}],"about":[{"href":"https:\/\/zjarr.tv\/sq\/wp-json\/wp\/v2\/types\/post"}],"author":[{"embeddable":true,"href":"https:\/\/zjarr.tv\/sq\/wp-json\/wp\/v2\/users\/2031"}],"replies":[{"embeddable":true,"href":"https:\/\/zjarr.tv\/sq\/wp-json\/wp\/v2\/comments?post=264221"}],"version-history":[{"count":0,"href":"https:\/\/zjarr.tv\/sq\/wp-json\/wp\/v2\/posts\/264221\/revisions"}],"wp:featuredmedia":[{"embeddable":true,"href":"https:\/\/zjarr.tv\/sq\/wp-json\/wp\/v2\/media\/264222"}],"wp:attachment":[{"href":"https:\/\/zjarr.tv\/sq\/wp-json\/wp\/v2\/media?parent=264221"}],"wp:term":[{"taxonomy":"category","embeddable":true,"href":"https:\/\/zjarr.tv\/sq\/wp-json\/wp\/v2\/categories?post=264221"},{"taxonomy":"post_tag","embeddable":true,"href":"https:\/\/zjarr.tv\/sq\/wp-json\/wp\/v2\/tags?post=264221"}],"curies":[{"name":"wp","href":"https:\/\/api.w.org\/{rel}","templated":true}]}}