{"id":264233,"date":"2022-06-13T11:48:12","date_gmt":"2022-06-13T09:48:12","guid":{"rendered":"https:\/\/zjarr.tv\/?p=264233"},"modified":"2022-06-13T11:48:12","modified_gmt":"2022-06-13T09:48:12","slug":"nuk-mban-me-uje-pilafi-organizata-politike-ben-thirrje-per-proteste-te-merkuren-marshojme-drejt-kryeministrise","status":"publish","type":"post","link":"https:\/\/zjarr.tv\/sq\/nuk-mban-me-uje-pilafi-organizata-politike-ben-thirrje-per-proteste-te-merkuren-marshojme-drejt-kryeministrise\/","title":{"rendered":"\u201cNuk mban m\u00eb uj\u00eb pilafi\u201d, Organizata Politike b\u00ebn thirrje p\u00ebr protest\u00eb: T\u00eb m\u00ebrkur\u00ebn marshojm\u00eb drejt kryeministris\u00eb"},"content":{"rendered":"<p>N\u00ebn monton \u2018nuk mban m\u00eb uj\u00eb pilafi\u2019, duke iu referuar rritjes s\u00eb \u00e7mimeve t\u00eb t\u00eb gjitha produkteve, e ve\u00e7an\u00ebrisht naft\u00ebs dhe ushqimeve t\u00eb shport\u00ebs, Organizata Politike ka b\u00ebr\u00eb thirrje p\u00ebr t\u00eb mbajtur protest\u00eb n\u00eb Tiran\u00eb, t\u00eb m\u00ebrkur\u00ebn duke nisur nga ora 18:00.<\/p>\n<p>N\u00eb njoftimin e shp\u00ebrndar\u00eb p\u00ebr mediat, dhe n\u00eb rrjetet sociale, b\u00ebhet me dije se marshimi do t\u00eb b\u00ebhet n\u00eb drejtim t\u00eb kryeministris\u00eb.<\/p>\n<p>Postimi:<\/p>\n<p>Rritja e \u00e7mimeve s\u2019ka t\u00eb ndalur. Nafta ka arritur 258 lek\u00eb\/lit\u00ebr, nd\u00ebrsa vazhdojn\u00eb t\u00eb rriten \u00e7mimet e ushqimeve dhe \u00e7do produkti t\u00eb domosdosh\u00ebm. Shumica d\u00ebrrmuese e qytetar\u00ebve gdhihen \u00e7do dit\u00eb e m\u00eb t\u00eb varf\u00ebr, m\u00eb t\u00eb grabitur e t\u00eb n\u00ebp\u00ebrk\u00ebmbur.<\/p>\n<p>Qeveria po d\u00ebshmon dita-dit\u00ebs jo vet\u00ebm kapjen nga oligark\u00ebt, por edhe inkompetenc\u00eb kriminale n\u00eb administrimin e kriz\u00ebs. Oligark\u00ebt p\u00ebrfitojn\u00eb miliona euro subvencione, kurse m\u00eb t\u00eb varfrit marrin th\u00ebrrime t\u00eb cilave po u skadon afati. Nd\u00ebrkoh\u00eb q\u00eb pjesa m\u00eb e madhe e shoq\u00ebris\u00eb nuk p\u00ebrfiton asnj\u00eb mas\u00eb leht\u00ebsuese, bordet qeveritare jan\u00eb shnd\u00ebrruar n\u00eb kartele ku p\u00ebrligjet rritja skandaloze e \u00e7mimeve.<\/p>\n<p>N\u00eb k\u00ebto kushte, t\u00eb durosh \u00ebsht\u00eb luks q\u00eb s\u2019mund t\u2019ia lejojm\u00eb vetes. Askush nuk mund t\u2019i var\u00eb shpresat te nj\u00eb qeveri hajdute, e kompromentuar dhe e paaft\u00eb.<\/p>\n<p>Populli duhet t\u00eb marr\u00eb n\u00eb dor\u00eb fatet e veta.<\/p>\n<p>T\u00eb m\u00ebrkur\u00ebn, ora 18:00, nga Sheshi \u201cSk\u00ebnderbej\u201d drejt Kryeministris\u00eb.<\/p>\n<p>T\u00eb gjith\u00eb n\u00eb protest\u00eb!<\/p>\n","protected":false},"excerpt":{"rendered":"<p>N\u00ebn monton \u2018nuk mban m\u00eb uj\u00eb pilafi\u2019, duke iu referuar rritjes s\u00eb \u00e7mimeve t\u00eb t\u00eb gjitha produkteve, e ve\u00e7an\u00ebrisht naft\u00ebs dhe ushqimeve t\u00eb shport\u00ebs, Organizata Politike ka b\u00ebr\u00eb thirrje p\u00ebr t\u00eb mbajtur protest\u00eb n\u00eb Tiran\u00eb, t\u00eb m\u00ebrkur\u00ebn duke nisur nga ora 18:00. N\u00eb njoftimin e shp\u00ebrndar\u00eb p\u00ebr mediat, dhe n\u00eb rrjetet sociale, b\u00ebhet me dije [&hellip;]<\/p>\n","protected":false},"author":2020,"featured_media":264234,"comment_status":"closed","ping_status":"closed","sticky":false,"template":"","format":"standard","meta":{"footnotes":""},"categories":[241,231],"tags":[],"class_list":{"0":"post-264233","1":"post","2":"type-post","3":"status-publish","4":"format-standard","5":"has-post-thumbnail","7":"category-aktualitet","8":"category-lajme"},"_links":{"self":[{"href":"https:\/\/zjarr.tv\/sq\/wp-json\/wp\/v2\/posts\/264233","targetHints":{"allow":["GET"]}}],"collection":[{"href":"https:\/\/zjarr.tv\/sq\/wp-json\/wp\/v2\/posts"}],"about":[{"href":"https:\/\/zjarr.tv\/sq\/wp-json\/wp\/v2\/types\/post"}],"author":[{"embeddable":true,"href":"https:\/\/zjarr.tv\/sq\/wp-json\/wp\/v2\/users\/2020"}],"replies":[{"embeddable":true,"href":"https:\/\/zjarr.tv\/sq\/wp-json\/wp\/v2\/comments?post=264233"}],"version-history":[{"count":0,"href":"https:\/\/zjarr.tv\/sq\/wp-json\/wp\/v2\/posts\/264233\/revisions"}],"wp:featuredmedia":[{"embeddable":true,"href":"https:\/\/zjarr.tv\/sq\/wp-json\/wp\/v2\/media\/264234"}],"wp:attachment":[{"href":"https:\/\/zjarr.tv\/sq\/wp-json\/wp\/v2\/media?parent=264233"}],"wp:term":[{"taxonomy":"category","embeddable":true,"href":"https:\/\/zjarr.tv\/sq\/wp-json\/wp\/v2\/categories?post=264233"},{"taxonomy":"post_tag","embeddable":true,"href":"https:\/\/zjarr.tv\/sq\/wp-json\/wp\/v2\/tags?post=264233"}],"curies":[{"name":"wp","href":"https:\/\/api.w.org\/{rel}","templated":true}]}}