{"id":264236,"date":"2022-06-13T11:53:51","date_gmt":"2022-06-13T09:53:51","guid":{"rendered":"https:\/\/zjarr.tv\/?p=264236"},"modified":"2022-06-13T11:59:34","modified_gmt":"2022-06-13T09:59:34","slug":"filluan-nje-terror-artikujsh-edhe-ne-gazeta-prestigjoze-rama-vjosa-eshte-egersira-e-fundit-lumore-qe-nuk-do-hyje-ne-cirkun-e-kafsheve-te-zbutura","status":"publish","type":"post","link":"https:\/\/zjarr.tv\/sq\/filluan-nje-terror-artikujsh-edhe-ne-gazeta-prestigjoze-rama-vjosa-eshte-egersira-e-fundit-lumore-qe-nuk-do-hyje-ne-cirkun-e-kafsheve-te-zbutura\/","title":{"rendered":"\u201cFilluan nj\u00eb terror artikujsh edhe n\u00eb gazeta prestigjoze\u201d, Rama: Vjosa \u00ebsht\u00eb eg\u00ebrsira e fundit lumore q\u00eb nuk do hyj\u00eb n\u00eb cirkun e kafsh\u00ebve t\u00eb zbutura\u2026"},"content":{"rendered":"<p>Kryeministri Edi Rama ka folur sot p\u00ebr projektin p\u00ebr shpalljen e Vjos\u00ebs, Park Komb\u00ebtar. Gjat\u00eb fjal\u00ebs s\u00eb tij Rama u shpreh se Vjosa \u00ebsht\u00eb eg\u00ebrsira e fundit lumore q\u00eb nuk do hyj\u00eb n\u00eb cirkun e kafsh\u00ebve t\u00eb zbutura t\u00eb sistemit energjetik.<\/p>\n<p>Nd\u00ebrkoh\u00eb ai shtoi se e kthyen Vjos\u00ebn n\u00eb nj\u00eb zon\u00eb t\u00eb mbrojtur ku u ndaluan nd\u00ebrtimi i hidrocentraleve.<\/p>\n<p>Rama: E priti me shum\u00eb k\u00ebnaq\u00ebsi ftes\u00ebn ton\u00eb p\u00ebr t\u00eb p\u00ebrveshur m\u00ebng\u00ebt, p\u00ebrvec se p\u00ebr t\u00eb nxjerr\u00eb zhurm\u00ebn. Kjo \u00ebsht\u00eb e r\u00ebnd\u00ebsishme se organizata Patagonia ka ata q\u00eb ne na duhet, dija dhe eksperienca n\u00eb nj\u00eb fush\u00eb si kjo e mbrojtes p\u00ebrmes sistemit t\u00eb Parkut Kombetar t\u00eb nj\u00eb pjese t\u00eb r\u00ebnd\u00ebsishme t\u00eb vendit, e cila duket si e leht\u00eb por \u00ebsht\u00eb shume e v\u00ebshtir\u00eb, sepse Vjosa kalon mes p\u00ebrmes trupit t\u00eb Shqip\u00ebris\u00eb.<\/p>\n<p>T\u00eb thuash Park Kombetar \u00ebsht\u00eb fjal\u00eb goje.<\/p>\n<p>Kur thon\u00eb q\u00eb ky \u00ebsht\u00eb lumi I fundit I eger n\u00eb Europ\u00eb, b\u00ebjn\u00eb sikur harrojn\u00eb sikur lumenjte e tjer\u00eb i kan\u00eb zbutur. Perderisa po e b\u00ebjm\u00eb, e b\u00ebjm\u00eb me bindje t\u00eb plot\u00eb. K\u00ebta q\u00eb duan Vjos\u00ebn t\u00eb eg\u00ebr, ne s\u2019mund t\u00eb nd\u00ebrtojm\u00eb nj\u00eb rezervat edhe njerzit ti egersojm\u00eb p\u00ebr d\u00ebshirat.<\/p>\n<p>Nj\u00eb hap\u00ebsir\u00eb p\u00ebr nj\u00eb zhvilim q\u00eb mbron mjedisin dhe ushqen shendetshem gjeneratat q\u00eb do ia l\u00ebn\u00eb Vjos\u00ebn trash\u00ebgimi, n\u00eb nj\u00eb rrug\u00eb t\u00eb re, t\u00eb pashkelur n\u00eb Evrop\u00eb. Vjosa \u00ebsht\u00eb egersira e fundit lumore q\u00eb nuk do hy ne cirkun e fundit t\u00eb kafsh\u00ebve.<\/p>\n<p>Ne e vendos\u00ebm Vjos\u00ebn m\u00eb mbrojtje, e kthyem n\u00eb zon\u00eb t\u00eb mbrojtur p\u00ebr t\u00eb mos lejuar nd\u00ebrtimin e hidrocentraleve.<\/p>\n<p>Filluan nj\u00eb terror artikujsh edhe ne gazeta prestigjoze.<\/p>\n<p>Ne deri sot i kemi shtuar teritorit t\u00eb vendit zona t\u00eb mbrojtua, duke e cuar n\u00eb 21 %, ambicia \u00ebsht\u00eb t\u00eb shkojm\u00eb n\u00eb 30%.<\/p>\n","protected":false},"excerpt":{"rendered":"<p>Kryeministri Edi Rama ka folur sot p\u00ebr projektin p\u00ebr shpalljen e Vjos\u00ebs, Park Komb\u00ebtar. Gjat\u00eb fjal\u00ebs s\u00eb tij Rama u shpreh se Vjosa \u00ebsht\u00eb eg\u00ebrsira e fundit lumore q\u00eb nuk do hyj\u00eb n\u00eb cirkun e kafsh\u00ebve t\u00eb zbutura t\u00eb sistemit energjetik. Nd\u00ebrkoh\u00eb ai shtoi se e kthyen Vjos\u00ebn n\u00eb nj\u00eb zon\u00eb t\u00eb mbrojtur ku u [&hellip;]<\/p>\n","protected":false},"author":2020,"featured_media":264237,"comment_status":"closed","ping_status":"closed","sticky":false,"template":"","format":"standard","meta":{"footnotes":""},"categories":[241,5380,231],"tags":[],"class_list":{"0":"post-264236","1":"post","2":"type-post","3":"status-publish","4":"format-standard","5":"has-post-thumbnail","7":"category-aktualitet","8":"category-kryesore","9":"category-lajme"},"_links":{"self":[{"href":"https:\/\/zjarr.tv\/sq\/wp-json\/wp\/v2\/posts\/264236","targetHints":{"allow":["GET"]}}],"collection":[{"href":"https:\/\/zjarr.tv\/sq\/wp-json\/wp\/v2\/posts"}],"about":[{"href":"https:\/\/zjarr.tv\/sq\/wp-json\/wp\/v2\/types\/post"}],"author":[{"embeddable":true,"href":"https:\/\/zjarr.tv\/sq\/wp-json\/wp\/v2\/users\/2020"}],"replies":[{"embeddable":true,"href":"https:\/\/zjarr.tv\/sq\/wp-json\/wp\/v2\/comments?post=264236"}],"version-history":[{"count":0,"href":"https:\/\/zjarr.tv\/sq\/wp-json\/wp\/v2\/posts\/264236\/revisions"}],"wp:featuredmedia":[{"embeddable":true,"href":"https:\/\/zjarr.tv\/sq\/wp-json\/wp\/v2\/media\/264237"}],"wp:attachment":[{"href":"https:\/\/zjarr.tv\/sq\/wp-json\/wp\/v2\/media?parent=264236"}],"wp:term":[{"taxonomy":"category","embeddable":true,"href":"https:\/\/zjarr.tv\/sq\/wp-json\/wp\/v2\/categories?post=264236"},{"taxonomy":"post_tag","embeddable":true,"href":"https:\/\/zjarr.tv\/sq\/wp-json\/wp\/v2\/tags?post=264236"}],"curies":[{"name":"wp","href":"https:\/\/api.w.org\/{rel}","templated":true}]}}