{"id":264239,"date":"2022-06-13T11:58:26","date_gmt":"2022-06-13T09:58:26","guid":{"rendered":"https:\/\/zjarr.tv\/?p=264239"},"modified":"2022-06-13T11:58:26","modified_gmt":"2022-06-13T09:58:26","slug":"tre-milione-numra-telefoni-te-shqiptareve-per-shitje-online-reagon-komisioneri-per-te-drejten-e-informimit","status":"publish","type":"post","link":"https:\/\/zjarr.tv\/sq\/tre-milione-numra-telefoni-te-shqiptareve-per-shitje-online-reagon-komisioneri-per-te-drejten-e-informimit\/","title":{"rendered":"Tre milion\u00eb numra telefoni t\u00eb shqiptar\u00ebve p\u00ebr shitje online, reagon Komisioneri p\u00ebr t\u00eb Drejt\u00ebn e Informimit"},"content":{"rendered":"<p>Zyra e Komisionerit p\u00ebr t\u00eb Drejt\u00ebn e Informimit dhe Mbrojtjen e t\u00eb Dh\u00ebnave Personale, si autoriteti mbik\u00ebqyr\u00ebs i legjislacionit p\u00ebr mbrojtjen e t\u00eb dh\u00ebnave personale, vler\u00ebson me seriozitet \u00e7do rast t\u00eb cenimit\/shkeljes t\u00eb k\u00ebsaj t\u00eb drejte dhe lirie themelore t\u00eb njeriut.<\/p>\n<p>Zyra e Komisionerit \u00ebsht\u00eb v\u00ebn\u00eb n\u00eb dijeni nga informacionet e publikuara n\u00eb media, p\u00ebr shitjen n\u00eb internet t\u00eb nj\u00eb baze t\u00eb dh\u00ebnash n\u00eb p\u00ebrmbajtje t\u00eb t\u00eb cil\u00ebs ka gjeneralitete, numra telefoni dhe vendin e pun\u00ebs p\u00ebr 3 milion\u00eb qytetar\u00eb.<\/p>\n<p>N\u00eb mb\u00ebshtejte t\u00eb nenit 35 t\u00eb Kushtetut\u00ebs s\u00eb Republik\u00ebs s\u00eb Shqip\u00ebris\u00eb dhe n\u00eb p\u00ebrmbushje t\u00eb detyrimeve t\u00eb p\u00ebrcaktuara n\u00eb ligjin nr. 9887\/2008 \u201cP\u00ebr mbrojtjen e t\u00eb dh\u00ebnave personale\u201d, i ndryshuar, Zyra e Komisionerit do t\u00eb nd\u00ebrmarr\u00eb nj\u00eb hetim administrativ, si dhe do t\u00eb k\u00ebrkoj\u00eb bashk\u00ebpunimin e \u00e7do institucioni p\u00ebrgjegj\u00ebs p\u00ebr qart\u00ebsimin e rrethanave t\u00eb \u00e7\u00ebshtjes.<\/p>\n<p>Duke vler\u00ebsuar rolin e medias p\u00ebr ekspozimin e fenomeneve negative, Zyra e Komisionerit u b\u00ebn thirrje t\u00eb gjitha organeve q\u00eb ushtrojn\u00eb veprimtarin\u00eb n\u00eb k\u00ebt\u00eb sektor (audio\/vizive, t\u00eb shkruara, online) q\u00eb t\u00eb tregohen t\u00eb vet\u00ebdijshme p\u00ebr detyrimin e respektimit t\u00eb k\u00ebsaj t\u00eb drejte individuale.<\/p>\n<p>Ushtrimi i t\u00eb drejt\u00ebs s\u00eb liris\u00eb s\u00eb shprehjes nuk \u00ebsht\u00eb i pakufizuar dhe n\u00eb \u00e7do rast, realizohet n\u00eb m\u00ebnyr\u00eb t\u00eb balancuar dhe proporcionale me t\u00eb drejtat dhe lirit\u00eb e tjera themelore t\u00eb sanksionuara n\u00eb Kushtetut\u00ebn e Republik\u00ebs s\u00eb Shqip\u00ebris\u00eb, apo n\u00eb aktet nd\u00ebrkomb\u00ebtare ku vendi yn\u00eb \u00ebsht\u00eb pal\u00eb (Konventa Evropiane e t\u00eb Drejtave t\u00eb Njeriut, Konventa 108 \u201cP\u00ebr mbrojtjen e individ\u00ebve nga p\u00ebrpunimi automatik i t\u00eb dh\u00ebnave personale\u201d t\u00eb K\u00ebshillit t\u00eb Evrop\u00ebs, etj).<\/p>\n<p>\u201cInteresi m\u00eb i lart\u00eb publik\u201d ka p\u00ebrpar\u00ebsi mbi \u00e7do p\u00ebrpjekje p\u00ebr ta kthyer k\u00ebt\u00eb situat\u00eb n\u00eb nj\u00eb loj\u00eb shum\u00eb t\u00eb rrezikshme p\u00ebr cenimin e privat\u00ebsis\u00eb dhe t\u00eb dh\u00ebnave personale t\u00eb qytetar\u00ebve.<\/p>\n<p>Nga ana tjet\u00ebr, opinioni publik duhet t\u00eb tregoj kujdes t\u00eb shtuar dhe t\u00eb jet\u00eb i nd\u00ebrgjegj\u00ebsuar p\u00ebr t\u00eb refuzuar p\u00ebrfshirjen n\u00eb p\u00ebrdorimin\/p\u00ebrhapjen e paligjshme t\u00eb k\u00ebsaj baze t\u00eb dh\u00ebnash n\u00ebp\u00ebrmjet \u00e7do mjeti e forme t\u00eb komunikimit masiv.<\/p>\n","protected":false},"excerpt":{"rendered":"<p>Zyra e Komisionerit p\u00ebr t\u00eb Drejt\u00ebn e Informimit dhe Mbrojtjen e t\u00eb Dh\u00ebnave Personale, si autoriteti mbik\u00ebqyr\u00ebs i legjislacionit p\u00ebr mbrojtjen e t\u00eb dh\u00ebnave personale, vler\u00ebson me seriozitet \u00e7do rast t\u00eb cenimit\/shkeljes t\u00eb k\u00ebsaj t\u00eb drejte dhe lirie themelore t\u00eb njeriut. Zyra e Komisionerit \u00ebsht\u00eb v\u00ebn\u00eb n\u00eb dijeni nga informacionet e publikuara n\u00eb media, p\u00ebr [&hellip;]<\/p>\n","protected":false},"author":2020,"featured_media":264240,"comment_status":"closed","ping_status":"closed","sticky":false,"template":"","format":"standard","meta":{"footnotes":""},"categories":[241,5380,231],"tags":[],"class_list":{"0":"post-264239","1":"post","2":"type-post","3":"status-publish","4":"format-standard","5":"has-post-thumbnail","7":"category-aktualitet","8":"category-kryesore","9":"category-lajme"},"_links":{"self":[{"href":"https:\/\/zjarr.tv\/sq\/wp-json\/wp\/v2\/posts\/264239","targetHints":{"allow":["GET"]}}],"collection":[{"href":"https:\/\/zjarr.tv\/sq\/wp-json\/wp\/v2\/posts"}],"about":[{"href":"https:\/\/zjarr.tv\/sq\/wp-json\/wp\/v2\/types\/post"}],"author":[{"embeddable":true,"href":"https:\/\/zjarr.tv\/sq\/wp-json\/wp\/v2\/users\/2020"}],"replies":[{"embeddable":true,"href":"https:\/\/zjarr.tv\/sq\/wp-json\/wp\/v2\/comments?post=264239"}],"version-history":[{"count":0,"href":"https:\/\/zjarr.tv\/sq\/wp-json\/wp\/v2\/posts\/264239\/revisions"}],"wp:featuredmedia":[{"embeddable":true,"href":"https:\/\/zjarr.tv\/sq\/wp-json\/wp\/v2\/media\/264240"}],"wp:attachment":[{"href":"https:\/\/zjarr.tv\/sq\/wp-json\/wp\/v2\/media?parent=264239"}],"wp:term":[{"taxonomy":"category","embeddable":true,"href":"https:\/\/zjarr.tv\/sq\/wp-json\/wp\/v2\/categories?post=264239"},{"taxonomy":"post_tag","embeddable":true,"href":"https:\/\/zjarr.tv\/sq\/wp-json\/wp\/v2\/tags?post=264239"}],"curies":[{"name":"wp","href":"https:\/\/api.w.org\/{rel}","templated":true}]}}