{"id":264249,"date":"2022-06-13T12:17:26","date_gmt":"2022-06-13T10:17:26","guid":{"rendered":"https:\/\/zjarr.tv\/?p=264249"},"modified":"2022-06-13T12:46:53","modified_gmt":"2022-06-13T10:46:53","slug":"lumi-i-vjoses-edi-rama-sulmon-leonardo-dicaprion-e-ka-ministrja-shok-e-spo-i-bie-shume-u-be-i-gjalle-dhe-goditi-qeverine-por-tani","status":"publish","type":"post","link":"https:\/\/zjarr.tv\/sq\/lumi-i-vjoses-edi-rama-sulmon-leonardo-dicaprion-e-ka-ministrja-shok-e-spo-i-bie-shume-u-be-i-gjalle-dhe-goditi-qeverine-por-tani\/","title":{"rendered":"Lumi i Vjos\u00ebs, Edi Rama \u201csulmon\u201d Leonardo DiCaprion: E ka ministrja shok e s\u2019po i bie shum\u00eb! U b\u00eb i gjall\u00eb dhe goditi Qeverin\u00eb, por tani\u2026"},"content":{"rendered":"<p>Kryeministri Edi Rama ka sulmuar k\u00ebt\u00eb t\u00eb h\u00ebn\u00eb aktorin Leonardo Di Caprio n\u00eb lidhje me qasjen e tij ndaj mbrojtjes s\u00eb lumit Vjos\u00eb.<\/p>\n<p>Gjat\u00eb n\u00ebnshkrimit t\u00eb marr\u00ebveshjes me organizat\u00ebn globale mjedisore \u201cPatagonia\u201dp\u00ebr ta shpallur Vjos\u00ebn Park Komb\u00ebtar, Rama deklaroi se aktori amerikan u b\u00eb i gjall\u00eb vet\u00ebm p\u00ebr t\u00eb goditur qeverin\u00eb, nd\u00ebrkoh\u00eb q\u00eb nuk reagon tani q\u00eb qeveria merr nj\u00eb vendim n\u00eb p\u00ebrputhje me kauz\u00ebn e tij.<\/p>\n<p>Ai shtoi me ironi se ndoshta duke e shar\u00eb pak, mund t\u2019i vej\u00eb ndonj\u00eb fjal\u00eb n\u00eb vesh dhe ta b\u00ebj t\u00eb reagoj\u00eb. T\u00eb gjitha procedurat e shpalljes s\u00eb Vjos\u00ebs Park Komb\u00ebtar t\u00eb jet\u00eb me standardet m\u00eb t\u00eb larta evropiane.<\/p>\n<p>Kur flasim p\u00ebr Park Komb\u00ebtar n\u00ebnkuptojm\u00eb ndalimin kategorik t\u00eb \u00e7do biznesi apo veprimtarie ekonomike q\u00eb mund t\u00eb d\u00ebmtoj\u00eb shtratin e lumit. Duke e shpallur Vjos\u00ebn park komb\u00ebtar impakti ekonomik do t\u00eb jet\u00eb \u00eb i lart\u00eb se sa impakti ekonomik i veprimtarive n\u00eb d\u00ebm t\u00eb Vjos\u00ebs. Do t\u00eb ket\u00eb nj\u00eb rritje t\u00eb numrit t\u00eb turist\u00ebve n\u00eb k\u00ebt\u00eb Park Komb\u00ebtar, kjo do t\u00eb ndihmoj\u00eb banor\u00ebt e zon\u00ebs n\u00eb zhvillimin ekonomik.<\/p>\n<p>Vjosa ka mbi 1100 specie dhe nd\u00ebr to jan\u00eb 13 specie kafsh\u00ebsh dhe dy bim\u00ebsh q\u00eb jan\u00eb specie n\u00eb zhdukje n\u00eb rang planeti. Ka t\u00eb pakt\u00ebn 50 specia kafsh\u00ebsh dhe bim\u00ebsh q\u00eb jan\u00eb n\u00eb list\u00ebn e kuqe t\u00eb Shqip\u00ebris\u00eb.<\/p>\n<p>M\u00eb kan\u00eb sh\u00ebnuar di\u00e7ka k\u00ebtu p\u00ebr Leonardo Di Caprion pasi u b\u00eb i gjall\u00eb p\u00ebr t\u00eb goditur qeverin\u00eb, por nuk u b\u00eb i gjall\u00eb p\u00ebr ta mbrojtur qeverin\u00eb. Tani q\u00eb qeveria po b\u00ebn at\u00eb q\u00eb atij i kishin th\u00ebn\u00eb q\u00eb nuk kishim nd\u00ebrmend ta b\u00ebnim, por q\u00eb nd\u00ebrkoh\u00eb po e b\u00ebjm\u00eb.<\/p>\n<p>E ka shok t\u00eb mir\u00eb Ministrja e Turizmit, prandaj nuk po i bie m\u00eb shum\u00eb. Mbase k\u00ebto goditje do t\u2019i shkojn\u00eb n\u00eb vesh, pasi mund ta kishim lajm\u00ebruar dhe nuk do t\u2019i vente n\u00eb vesh fare. Mbase duke e shar\u00eb pak do t\u2019ia kapi veshi\u201d, tha Rama.<\/p>\n","protected":false},"excerpt":{"rendered":"<p>Kryeministri Edi Rama ka sulmuar k\u00ebt\u00eb t\u00eb h\u00ebn\u00eb aktorin Leonardo Di Caprio n\u00eb lidhje me qasjen e tij ndaj mbrojtjes s\u00eb lumit Vjos\u00eb. Gjat\u00eb n\u00ebnshkrimit t\u00eb marr\u00ebveshjes me organizat\u00ebn globale mjedisore \u201cPatagonia\u201dp\u00ebr ta shpallur Vjos\u00ebn Park Komb\u00ebtar, Rama deklaroi se aktori amerikan u b\u00eb i gjall\u00eb vet\u00ebm p\u00ebr t\u00eb goditur qeverin\u00eb, nd\u00ebrkoh\u00eb q\u00eb nuk reagon [&hellip;]<\/p>\n","protected":false},"author":2020,"featured_media":264252,"comment_status":"closed","ping_status":"closed","sticky":false,"template":"","format":"standard","meta":{"footnotes":""},"categories":[241,5380,231],"tags":[],"class_list":{"0":"post-264249","1":"post","2":"type-post","3":"status-publish","4":"format-standard","5":"has-post-thumbnail","7":"category-aktualitet","8":"category-kryesore","9":"category-lajme"},"_links":{"self":[{"href":"https:\/\/zjarr.tv\/sq\/wp-json\/wp\/v2\/posts\/264249","targetHints":{"allow":["GET"]}}],"collection":[{"href":"https:\/\/zjarr.tv\/sq\/wp-json\/wp\/v2\/posts"}],"about":[{"href":"https:\/\/zjarr.tv\/sq\/wp-json\/wp\/v2\/types\/post"}],"author":[{"embeddable":true,"href":"https:\/\/zjarr.tv\/sq\/wp-json\/wp\/v2\/users\/2020"}],"replies":[{"embeddable":true,"href":"https:\/\/zjarr.tv\/sq\/wp-json\/wp\/v2\/comments?post=264249"}],"version-history":[{"count":0,"href":"https:\/\/zjarr.tv\/sq\/wp-json\/wp\/v2\/posts\/264249\/revisions"}],"wp:featuredmedia":[{"embeddable":true,"href":"https:\/\/zjarr.tv\/sq\/wp-json\/wp\/v2\/media\/264252"}],"wp:attachment":[{"href":"https:\/\/zjarr.tv\/sq\/wp-json\/wp\/v2\/media?parent=264249"}],"wp:term":[{"taxonomy":"category","embeddable":true,"href":"https:\/\/zjarr.tv\/sq\/wp-json\/wp\/v2\/categories?post=264249"},{"taxonomy":"post_tag","embeddable":true,"href":"https:\/\/zjarr.tv\/sq\/wp-json\/wp\/v2\/tags?post=264249"}],"curies":[{"name":"wp","href":"https:\/\/api.w.org\/{rel}","templated":true}]}}