{"id":264253,"date":"2022-06-13T12:54:45","date_gmt":"2022-06-13T10:54:45","guid":{"rendered":"https:\/\/zjarr.tv\/?p=264253"},"modified":"2022-06-13T13:12:07","modified_gmt":"2022-06-13T11:12:07","slug":"perqendron-vendimarrjen-ne-drejtesi-ne-duart-e-2-3-personave-berisha-pd-denon-miratimin-e-hartes-se-re-gjyqesore-ndeshkon-me-dhjetera-e-mijera-qytetare","status":"publish","type":"post","link":"https:\/\/zjarr.tv\/sq\/perqendron-vendimarrjen-ne-drejtesi-ne-duart-e-2-3-personave-berisha-pd-denon-miratimin-e-hartes-se-re-gjyqesore-ndeshkon-me-dhjetera-e-mijera-qytetare\/","title":{"rendered":"\u201cP\u00ebrq\u00ebndron vendimarrjen n\u00eb drejt\u00ebsi n\u00eb duart e 2-3 personave\u201d, Berisha: PD d\u00ebnon miratimin e hart\u00ebs s\u00eb re gjyq\u00ebsore, nd\u00ebshkon me dhjet\u00ebra e mij\u00ebra qytetar\u00eb\u2026"},"content":{"rendered":"<p>Kreu i PD Sali Berisha n\u00eb nj\u00eb dalje p\u00ebr mediat ka k\u00ebrkuar q\u00eb t\u00eb anulohet harta e re gjyq\u00ebsore p\u00ebr shkak se d\u00ebmton grupet vulnerable.<\/p>\n<p>Sipas Berish\u00ebs, me miratimin e hart\u00ebs s\u00eb re gjyq\u00ebsore, nd\u00ebshkon dhjet\u00ebra e mij\u00ebra qytetar\u00eb, qindra e mij\u00ebra avoket\u00ebr.<\/p>\n<p>Sipas Berish\u00ebs ky projekt p\u00ebrq\u00ebndron vendimarrjen n\u00eb sistemin e drejt\u00ebsis\u00eb n\u00eb duart e 2-3 personave t\u00eb kryesuar nga i famshmi Sokol Sadushi.<\/p>\n<p>Berisha: K\u00ebshtu opinioni i grupeve t\u00eb interesit, avoket\u00ebrve, noter\u00ebve, kontabilisteve jo vet\u00ebm q\u00eb nuk \u00ebsht\u00eb p\u00ebrfillur por edhe hedhur poshte me cinizem pasi kan\u00eb kund\u00ebrshtuar prere k\u00ebt\u00eb hart\u00eb n\u00eb t\u00eb gjitha rastet e pakta q\u00eb jan\u00eb pyetur.<\/p>\n<p>Harta me shkrirjen e18 gjykatave d\u00ebmton rende grupet vulnerable, q\u00eb p\u00ebr shkak t\u00eb shpenzimeve shtese e kane t\u00eb pamundur ti drejtohen gjykatave. Pengon dhe veshtireson aksesin ne sistemin e drejtesise dhe rrit kostot. Ne stokun e 110 mij\u00eb dosjesve. Nd\u00ebshkon r\u00ebnd\u00eb pakicat.<\/p>\n<p>PD d\u00ebnon dhe kerkon anulimin e tij te menjehersh\u00ebm pasi ky projekt ndeshkon dhjetera e mijera qytetare, qindra e mijera avoketer. P\u00ebrq\u00ebndron vendimarrjen n\u00eb sistemin e drejt\u00ebsis\u00eb n\u00eb duart e 2-3 personave t\u00eb kryesuar nga i famshmi Sokol Sadushi.<\/p>\n","protected":false},"excerpt":{"rendered":"<p>Kreu i PD Sali Berisha n\u00eb nj\u00eb dalje p\u00ebr mediat ka k\u00ebrkuar q\u00eb t\u00eb anulohet harta e re gjyq\u00ebsore p\u00ebr shkak se d\u00ebmton grupet vulnerable. Sipas Berish\u00ebs, me miratimin e hart\u00ebs s\u00eb re gjyq\u00ebsore, nd\u00ebshkon dhjet\u00ebra e mij\u00ebra qytetar\u00eb, qindra e mij\u00ebra avoket\u00ebr. Sipas Berish\u00ebs ky projekt p\u00ebrq\u00ebndron vendimarrjen n\u00eb sistemin e drejt\u00ebsis\u00eb n\u00eb duart [&hellip;]<\/p>\n","protected":false},"author":2020,"featured_media":264254,"comment_status":"closed","ping_status":"closed","sticky":false,"template":"","format":"standard","meta":{"footnotes":""},"categories":[241,5380,231],"tags":[],"class_list":{"0":"post-264253","1":"post","2":"type-post","3":"status-publish","4":"format-standard","5":"has-post-thumbnail","7":"category-aktualitet","8":"category-kryesore","9":"category-lajme"},"_links":{"self":[{"href":"https:\/\/zjarr.tv\/sq\/wp-json\/wp\/v2\/posts\/264253","targetHints":{"allow":["GET"]}}],"collection":[{"href":"https:\/\/zjarr.tv\/sq\/wp-json\/wp\/v2\/posts"}],"about":[{"href":"https:\/\/zjarr.tv\/sq\/wp-json\/wp\/v2\/types\/post"}],"author":[{"embeddable":true,"href":"https:\/\/zjarr.tv\/sq\/wp-json\/wp\/v2\/users\/2020"}],"replies":[{"embeddable":true,"href":"https:\/\/zjarr.tv\/sq\/wp-json\/wp\/v2\/comments?post=264253"}],"version-history":[{"count":0,"href":"https:\/\/zjarr.tv\/sq\/wp-json\/wp\/v2\/posts\/264253\/revisions"}],"wp:featuredmedia":[{"embeddable":true,"href":"https:\/\/zjarr.tv\/sq\/wp-json\/wp\/v2\/media\/264254"}],"wp:attachment":[{"href":"https:\/\/zjarr.tv\/sq\/wp-json\/wp\/v2\/media?parent=264253"}],"wp:term":[{"taxonomy":"category","embeddable":true,"href":"https:\/\/zjarr.tv\/sq\/wp-json\/wp\/v2\/categories?post=264253"},{"taxonomy":"post_tag","embeddable":true,"href":"https:\/\/zjarr.tv\/sq\/wp-json\/wp\/v2\/tags?post=264253"}],"curies":[{"name":"wp","href":"https:\/\/api.w.org\/{rel}","templated":true}]}}