{"id":264260,"date":"2022-06-13T13:14:40","date_gmt":"2022-06-13T11:14:40","guid":{"rendered":"https:\/\/zjarr.tv\/?p=264260"},"modified":"2022-06-13T13:14:40","modified_gmt":"2022-06-13T11:14:40","slug":"harta-e-re-gjyqesore-reagon-grupi-i-alibeajt-kerkesa-e-tyre-ne-komisionin-e-ligjeve","status":"publish","type":"post","link":"https:\/\/zjarr.tv\/sq\/harta-e-re-gjyqesore-reagon-grupi-i-alibeajt-kerkesa-e-tyre-ne-komisionin-e-ligjeve\/","title":{"rendered":"Harta e re gjyq\u00ebsore, reagon grupi i Alibeajt, k\u00ebrkesa e tyre n\u00eb Komisionin e Ligjeve"},"content":{"rendered":"<p>Sot deputet\u00ebt e PD Dhurata \u00c7upi, Enkelejd Alibeaj, Gazment Bardhi, Saimir Korreshi, Bledion Nallbati, Dashnor Sula, Greta Bardeli, Fatmir Mediu, kan\u00eb k\u00ebrkuar nj\u00eb seanc\u00eb d\u00ebgjimore me K\u00ebshillin e Lart\u00eb Gjyq\u00ebsor, K\u00ebshillin e Lart\u00eb t\u00eb Prokuroris\u00eb, Ministrin e Drejt\u00ebsis\u00eb, Dhom\u00ebn Komb\u00ebtare t\u00eb Avokatis\u00eb, Avokatin e Popullit dhe Komitetin Shqiptar t\u00eb Helsinkit.<\/p>\n<p>Deputet\u00ebt e opozit\u00ebs shprehen se kan\u00eb ndjekur me v\u00ebmendje diskutimet q\u00eb kan\u00eb pasuar vendimin e dat\u00ebs 10.06.2022 t\u00eb K\u00ebshillit t\u00eb Lart\u00eb Gjyq\u00ebsor p\u00ebr miratimin e \u201cHart\u00ebs s\u00eb Re Gjyq\u00ebsore\u201d. Deputet\u00ebt kan\u00eb marr\u00eb mesazhe t\u00eb shumta nga qytetar\u00eb t\u00eb ndrysh\u00ebm q\u00eb shprehen t\u00eb shqet\u00ebsuar lidhur me mbylljen e gjykatave n\u00eb qytetet e tyre. Vecan\u00ebrisht shqet\u00ebsuese mbetet situata p\u00ebr banor\u00ebt q\u00eb do t\u2019iu duhen t\u00eb udh\u00ebtojn\u00eb p\u00ebr kilometra apo or\u00eb t\u00eb t\u00ebra p\u00ebr t\u00eb mb\u00ebrritur pran\u00eb gjykat\u00ebs kompetente p\u00ebr gjykimin e c\u00ebshtjeve t\u00eb tyre.<\/p>\n<p>Sipas deputet\u00ebve t\u00eb opozit\u00ebs, riorganizimi gjyq\u00ebsor lidhet me nj\u00eb t\u00eb drejt\u00eb themelore q\u00eb ka t\u00eb b\u00ebj\u00eb me aksesin n\u00eb drejt\u00ebsi, t\u00eb garantuar nga neni 42 i Kushtetut\u00ebs s\u00eb Shqip\u00ebris\u00eb dhe neni 6 i Konvent\u00ebs Evropiane p\u00ebr t\u00eb Drejtat e Njeriut. P\u00ebr pasoj\u00eb \u00ebsht\u00eb detyr\u00eb e Kuvendit t\u00eb analizoj\u00eb dhe marr\u00eb n\u00eb shqyrtim k\u00ebt\u00eb \u00e7\u00ebshtje me interes p\u00ebr qytetar\u00ebt.<\/p>\n","protected":false},"excerpt":{"rendered":"<p>Sot deputet\u00ebt e PD Dhurata \u00c7upi, Enkelejd Alibeaj, Gazment Bardhi, Saimir Korreshi, Bledion Nallbati, Dashnor Sula, Greta Bardeli, Fatmir Mediu, kan\u00eb k\u00ebrkuar nj\u00eb seanc\u00eb d\u00ebgjimore me K\u00ebshillin e Lart\u00eb Gjyq\u00ebsor, K\u00ebshillin e Lart\u00eb t\u00eb Prokuroris\u00eb, Ministrin e Drejt\u00ebsis\u00eb, Dhom\u00ebn Komb\u00ebtare t\u00eb Avokatis\u00eb, Avokatin e Popullit dhe Komitetin Shqiptar t\u00eb Helsinkit. Deputet\u00ebt e opozit\u00ebs shprehen se [&hellip;]<\/p>\n","protected":false},"author":2020,"featured_media":264261,"comment_status":"closed","ping_status":"closed","sticky":false,"template":"","format":"standard","meta":{"footnotes":""},"categories":[241,5380,231],"tags":[],"class_list":{"0":"post-264260","1":"post","2":"type-post","3":"status-publish","4":"format-standard","5":"has-post-thumbnail","7":"category-aktualitet","8":"category-kryesore","9":"category-lajme"},"_links":{"self":[{"href":"https:\/\/zjarr.tv\/sq\/wp-json\/wp\/v2\/posts\/264260","targetHints":{"allow":["GET"]}}],"collection":[{"href":"https:\/\/zjarr.tv\/sq\/wp-json\/wp\/v2\/posts"}],"about":[{"href":"https:\/\/zjarr.tv\/sq\/wp-json\/wp\/v2\/types\/post"}],"author":[{"embeddable":true,"href":"https:\/\/zjarr.tv\/sq\/wp-json\/wp\/v2\/users\/2020"}],"replies":[{"embeddable":true,"href":"https:\/\/zjarr.tv\/sq\/wp-json\/wp\/v2\/comments?post=264260"}],"version-history":[{"count":0,"href":"https:\/\/zjarr.tv\/sq\/wp-json\/wp\/v2\/posts\/264260\/revisions"}],"wp:featuredmedia":[{"embeddable":true,"href":"https:\/\/zjarr.tv\/sq\/wp-json\/wp\/v2\/media\/264261"}],"wp:attachment":[{"href":"https:\/\/zjarr.tv\/sq\/wp-json\/wp\/v2\/media?parent=264260"}],"wp:term":[{"taxonomy":"category","embeddable":true,"href":"https:\/\/zjarr.tv\/sq\/wp-json\/wp\/v2\/categories?post=264260"},{"taxonomy":"post_tag","embeddable":true,"href":"https:\/\/zjarr.tv\/sq\/wp-json\/wp\/v2\/tags?post=264260"}],"curies":[{"name":"wp","href":"https:\/\/api.w.org\/{rel}","templated":true}]}}