{"id":264263,"date":"2022-06-13T13:37:21","date_gmt":"2022-06-13T11:37:21","guid":{"rendered":"https:\/\/zjarr.tv\/?p=264263"},"modified":"2022-06-13T13:37:21","modified_gmt":"2022-06-13T11:37:21","slug":"media-malazeze-kryeministri-rama-dhe-abazovic-do-te-vizitojne-neser-kievin","status":"publish","type":"post","link":"https:\/\/zjarr.tv\/sq\/media-malazeze-kryeministri-rama-dhe-abazovic-do-te-vizitojne-neser-kievin\/","title":{"rendered":"Media malazeze: Kryeministri Rama dhe Abazovi\u00e7 do t\u00eb VIZITOJN\u00cb nes\u00ebr Kievin"},"content":{"rendered":"<p>Kryeministri Edi Rama bashk\u00eb me kryeministrin e Malit t\u00eb Zi, Dritan Abazovi\u00e7 dhe me kryeministrin e Maqedonis\u00eb s\u00eb Veriut, Dimitar Kova\u00e7evski, do t\u00eb zhvillojn\u00eb nj\u00eb vizit\u00eb dit\u00ebn e nes\u00ebrme n\u00eb Kiev, ku do t\u00eb takohen me presidentin e Ukrain\u00ebs, Volodimir Zelensky.<\/p>\n<p>Lajmi \u00ebsht\u00eb b\u00ebr\u00eb me dije nga media malazeze \u201cVijesti\u201d, e cila shkruan se kryeministri i Malit t\u00eb Zi, Dritan Abazovi\u00e7 ka pranuar ftes\u00ebn e presidentit ukrainas, Volodymyr Zelenskyy p\u00ebr t\u00eb vizituar Kievin n\u00eb k\u00ebt\u00eb koh\u00eb lufte.<\/p>\n<p>N\u00eb nj\u00eb bised\u00eb telefonike t\u00eb zhvilluar dit\u00ebn e enjte, Zelenski e ftoi Abazovi\u00e7in t\u00eb vizitoj\u00eb Kievin.<\/p>\n","protected":false},"excerpt":{"rendered":"<p>Kryeministri Edi Rama bashk\u00eb me kryeministrin e Malit t\u00eb Zi, Dritan Abazovi\u00e7 dhe me kryeministrin e Maqedonis\u00eb s\u00eb Veriut, Dimitar Kova\u00e7evski, do t\u00eb zhvillojn\u00eb nj\u00eb vizit\u00eb dit\u00ebn e nes\u00ebrme n\u00eb Kiev, ku do t\u00eb takohen me presidentin e Ukrain\u00ebs, Volodimir Zelensky. Lajmi \u00ebsht\u00eb b\u00ebr\u00eb me dije nga media malazeze \u201cVijesti\u201d, e cila shkruan se kryeministri [&hellip;]<\/p>\n","protected":false},"author":2020,"featured_media":264264,"comment_status":"closed","ping_status":"closed","sticky":false,"template":"","format":"standard","meta":{"footnotes":""},"categories":[241,5380,231],"tags":[],"class_list":{"0":"post-264263","1":"post","2":"type-post","3":"status-publish","4":"format-standard","5":"has-post-thumbnail","7":"category-aktualitet","8":"category-kryesore","9":"category-lajme"},"_links":{"self":[{"href":"https:\/\/zjarr.tv\/sq\/wp-json\/wp\/v2\/posts\/264263","targetHints":{"allow":["GET"]}}],"collection":[{"href":"https:\/\/zjarr.tv\/sq\/wp-json\/wp\/v2\/posts"}],"about":[{"href":"https:\/\/zjarr.tv\/sq\/wp-json\/wp\/v2\/types\/post"}],"author":[{"embeddable":true,"href":"https:\/\/zjarr.tv\/sq\/wp-json\/wp\/v2\/users\/2020"}],"replies":[{"embeddable":true,"href":"https:\/\/zjarr.tv\/sq\/wp-json\/wp\/v2\/comments?post=264263"}],"version-history":[{"count":0,"href":"https:\/\/zjarr.tv\/sq\/wp-json\/wp\/v2\/posts\/264263\/revisions"}],"wp:featuredmedia":[{"embeddable":true,"href":"https:\/\/zjarr.tv\/sq\/wp-json\/wp\/v2\/media\/264264"}],"wp:attachment":[{"href":"https:\/\/zjarr.tv\/sq\/wp-json\/wp\/v2\/media?parent=264263"}],"wp:term":[{"taxonomy":"category","embeddable":true,"href":"https:\/\/zjarr.tv\/sq\/wp-json\/wp\/v2\/categories?post=264263"},{"taxonomy":"post_tag","embeddable":true,"href":"https:\/\/zjarr.tv\/sq\/wp-json\/wp\/v2\/tags?post=264263"}],"curies":[{"name":"wp","href":"https:\/\/api.w.org\/{rel}","templated":true}]}}