{"id":264266,"date":"2022-06-13T13:58:34","date_gmt":"2022-06-13T11:58:34","guid":{"rendered":"https:\/\/zjarr.tv\/?p=264266"},"modified":"2022-06-13T14:31:29","modified_gmt":"2022-06-13T12:31:29","slug":"nga-ylli-pata-31-vjet-me-pas-ku-po-shkon-partia-socialiste","status":"publish","type":"post","link":"https:\/\/zjarr.tv\/sq\/nga-ylli-pata-31-vjet-me-pas-ku-po-shkon-partia-socialiste\/","title":{"rendered":"Nga Ylli: Pata  31 vjet m\u00eb pas, Ku po shkon Partia Socialiste?"},"content":{"rendered":"<p>N\u00eb 31 vjetorin e themelimit t\u00eb saj, Partia Socialiste \u00ebsht\u00eb e vetmja forc\u00eb politike e grupimit t\u00eb partive socialiste evropiane q\u00eb ka arritur rekordin e laburist\u00ebve t\u00eb Tony Blair-it, q\u00eb ka fituar nj\u00eb mandat t\u00eb tret\u00eb radhazi p\u00ebr t\u00eb qeverisur vendin.<\/p>\n<p>Nj\u00eb rekord, q\u00eb p\u00ebrve\u00e7 logjik\u00ebs s\u00eb arritjes, natyrisht \u00ebsht\u00eb dilem\u00eb dhe shkakton frustacion n\u00eb pjes\u00ebn tjet\u00ebr t\u00eb shoq\u00ebris\u00eb, e cila voton kund\u00ebr saj dhe k\u00ebrkon t\u2019i marr\u00eb pushtetin.<\/p>\n<p>Socialist\u00ebt nis\u00ebn rrug\u00ebtimin e tyre politik n\u00eb Shqip\u00ebri, ndryshe nga rival\u00ebt e tyre politik\u00eb, antikomunist\u00ebt e Partis\u00eb Demokratike. K\u00ebta t\u00eb dyt\u00ebt, n\u00eb qershorin e vitit 1991, ishin n\u00eb prag t\u00eb ardhjes s\u00eb tyre n\u00eb nj\u00eb pushtet plebishitar, kurse PS ishte e mallkuar prej historis\u00eb s\u00eb trash\u00ebgimis\u00eb me PPSH-n\u00eb.<\/p>\n<p>N\u00eb 12 qershor 1991, PS, e cila doli nga Kongresi i 10 i Partis\u00eb s\u00eb Pun\u00ebs nuk zgjodhi n\u00eb krye t\u00eb saj, asnj\u00eb prej hierark\u00ebve komunist\u00eb, apo p\u00ebrfaq\u00ebsuesve t\u00eb mes\u00ebm t\u00eb saj.<\/p>\n<p>I ndjeri, Ramiz Alia, i cili nd\u00ebrroi jet\u00eb n\u00eb vitin 2011, veprimin e fundit politik brenda partis\u00eb s\u00eb tij e kreu duke ngritur nj\u00eb komision organizator p\u00ebr Kongresin e 10 t\u00eb PPSH-s\u00eb. Ku gjithashtu nuk kishte asnj\u00eb an\u00ebtar t\u00eb Byros\u00eb s\u00eb vjet\u00ebr Politike t\u00eb PPSH-s\u00eb. Vet\u00eb Alia kishte sor\u00ebzuar teser\u00ebn e PPSH-s\u00eb kur u zgjodh President i Republik\u00ebs n\u00eb prillin e vitit 1991. Nj\u00eb vit m\u00eb pas kur dha dor\u00ebheqjen, udh\u00ebheqja e re e PS-s\u00eb, i dha teser\u00ebn e partis\u00eb liderit socialist Italian, Bettino Craxi, apo kreut t\u00eb laburist\u00ebve izraelit\u00eb Shimon Perez, por jo Ramiz Alis\u00eb, pasi la presidenc\u00ebn.<\/p>\n<p>Me Nanon, Alia nuk pati marr\u00ebdh\u00ebnie t\u00eb mira, kurse me Edi Ram\u00ebn, nuk kishte fare. Si\u00e7 do t\u00eb deklaronte vet\u00eb ai n\u00eb 2010-n, \u201cnuk kam folur asnj\u00ebher\u00eb me t\u00eb\u201d. Grupi politik q\u00eb udh\u00ebhoqi PS-n\u00eb \u00e7liroi entuziaz\u00ebm, edhe pse zgjedhjet e para q\u00eb zhvilloi n\u00eb vend i humbi keqas. Pas 6 muajsh nga humbja e thell\u00eb n\u00eb vitin 1992, socialist\u00ebt, fituan shumic\u00ebn e bashkive dhe komunave t\u00eb vendit, jo vet\u00ebm n\u00eb jug t\u00eb vendit, por edhe n\u00eb jug. Megjithat\u00eb ata ishin nj\u00ebsi vendore t\u00eb karakterit dyt\u00ebsor.<\/p>\n<p>Tirana dhe qytetet kryesore kan\u00eb vijuar t\u00eb votojn\u00eb p\u00ebr Partin\u00eb Demokratike deri n\u00eb zgjedhjet vendore t\u00eb vitit 2000. Ishin zgjedhjet e vitit 1997 q\u00eb soll\u00ebn nj\u00eb fitore me dy t\u00eb tretat nga PS-ja, e cila vet\u00ebm n\u00eb qytetin e Tiran\u00ebs p\u00ebr shembull fitoi n\u00eb t\u00eb gjitha zonat zgjedhore. K\u00ebtu nisi dhe nj\u00eb afrim i socialist\u00ebve me t\u00eb ashtuquajturin elektorat gri, i cili u vulos n\u00eb zgjedhjet e vitit 2000, ku PS fitoi p\u00ebr her\u00eb t\u00eb par\u00eb bashkin\u00eb e Tiran\u00ebs, e q\u00eb e ka kthyer praktikisht n\u00eb nj\u00eb bastion politik. Aksidenti i vitit 2011 me fitoren e Lulzim Bash\u00ebs me ndihm\u00ebn e \u201cVAR\u201d-it t\u00eb Arben Ristanit, u duk se ishte arficial.<\/p>\n<p>N\u00eb Zgjedhjet e 21 prillit 2021, diferenca n\u00eb bashkin\u00eb Tiran\u00eb nd\u00ebrmjet PS-s\u00eb dhe rivales s\u00eb tij kryesore PD ishte 46,563 vota. Q\u00eb p\u00ebrfaq\u00ebson nj\u00eb hendek i cili \u00ebsht\u00eb thelluar nga zgjedhja n\u00eb zgjedhje. P\u00ebrve\u00e7 Tiran\u00ebs, PS mori t\u00eb gjith\u00eb qytetet kryesore t\u00eb vendit si Durr\u00ebs, Kor\u00e7\u00eb, Elbasan, Vlor\u00eb, t\u00eb cilat nuk i ka dor\u00ebzuar thuajse prej vitit 2000, p\u00ebrve\u00e7 Kor\u00e7\u00ebs, e cila ka b\u00ebr\u00eb rrokad\u00eb ndonj\u00ebher\u00eb.<\/p>\n<p>Nga ana tjet\u00ebr PS nuk ka fituar asnj\u00ebher\u00eb bashkin\u00eb Shkod\u00ebr, t\u00eb cil\u00ebn s\u00eb bashku me Kuk\u00ebsin dhe Tropoj\u00ebn e ka kthyer n\u00eb nj\u00eb zon\u00eb t\u00eb paprekshme. Ajo \u00ebsht\u00eb kthyer sot partia p\u00ebr tu mundur, e ky aspekt \u00ebsht\u00eb nj\u00eb frustracion p\u00ebr opozit\u00ebn politike, at\u00eb pjes\u00eb t\u00eb opinionit q\u00eb e konteston qeverisjen e Edi Ram\u00ebs dhe mazhoranc\u00ebs socialiste.<\/p>\n<p>Rikthimi n\u00eb pushtet n\u00eb vitin 2013 u b\u00eb me ndihm\u00ebn e LSI-s\u00eb s\u00eb Ilir Met\u00ebs, nd\u00ebrsa n\u00eb dy zgjedhjet e tjera: 2017-n e 2021-shin PS fitoi e vetme nj\u00eb shumic\u00eb t\u00eb konsoliduar n\u00eb Parlament q\u00eb e ka lejuar t\u00eb qeveris\u00eb n\u00eb m\u00ebnyr\u00eb komode.<\/p>\n<p>Pavar\u00ebsisht sulmeve e akuzave q\u00eb b\u00ebhen PS-s\u00eb, nj\u00eb pjes\u00eb e t\u00eb cilave q\u00ebndrojn\u00eb, realisht kjo fitore e pandalshme e socialist\u00ebve ka ardhur si pasoj\u00eb e shpres\u00ebs s\u00eb njer\u00ebzve p\u00ebr reform\u00ebn n\u00eb drejt\u00ebsi. \u00cbsht\u00eb pik\u00ebrisht kjo kauz\u00eb q\u00eb ka sjell\u00eb q\u00eb elektorati gri t\u00eb votoj\u00eb socialist\u00ebt n\u00eb 2017-n e 2021-shin. Jan\u00eb rreth 800 mij\u00eb shqiptar\u00eb, shif\u00ebr q\u00eb ka l\u00ebvizur pak a shum\u00eb, madje ishte kjo armat\u00eb votuesish q\u00eb shp\u00ebtoi edhe zgjedhjet e 29 qershorit 2019 q\u00eb u bojkotuan nga opozita, edhe pse ishin realisht zgjedhje me nj\u00eb forc\u00eb politike.<\/p>\n<p>Kritik\u00eb t\u00eb PS-s\u00eb, i kan\u00eb p\u00ebrmendur n\u00eb rrjete e media online numrin e zyrtar\u00ebve t\u00eb k\u00ebsaj partie q\u00eb jan\u00eb arrestuar, d\u00ebnuar, proceduar, apo q\u00eb kan\u00eb pasur element kriminal\u00eb.<\/p>\n","protected":false},"excerpt":{"rendered":"<p>N\u00eb 31 vjetorin e themelimit t\u00eb saj, Partia Socialiste \u00ebsht\u00eb e vetmja forc\u00eb politike e grupimit t\u00eb partive socialiste evropiane q\u00eb ka arritur rekordin e laburist\u00ebve t\u00eb Tony Blair-it, q\u00eb ka fituar nj\u00eb mandat t\u00eb tret\u00eb radhazi p\u00ebr t\u00eb qeverisur vendin. Nj\u00eb rekord, q\u00eb p\u00ebrve\u00e7 logjik\u00ebs s\u00eb arritjes, natyrisht \u00ebsht\u00eb dilem\u00eb dhe shkakton frustacion n\u00eb [&hellip;]<\/p>\n","protected":false},"author":2020,"featured_media":264268,"comment_status":"closed","ping_status":"closed","sticky":false,"template":"","format":"standard","meta":{"footnotes":""},"categories":[241,5380,231],"tags":[],"class_list":{"0":"post-264266","1":"post","2":"type-post","3":"status-publish","4":"format-standard","5":"has-post-thumbnail","7":"category-aktualitet","8":"category-kryesore","9":"category-lajme"},"_links":{"self":[{"href":"https:\/\/zjarr.tv\/sq\/wp-json\/wp\/v2\/posts\/264266","targetHints":{"allow":["GET"]}}],"collection":[{"href":"https:\/\/zjarr.tv\/sq\/wp-json\/wp\/v2\/posts"}],"about":[{"href":"https:\/\/zjarr.tv\/sq\/wp-json\/wp\/v2\/types\/post"}],"author":[{"embeddable":true,"href":"https:\/\/zjarr.tv\/sq\/wp-json\/wp\/v2\/users\/2020"}],"replies":[{"embeddable":true,"href":"https:\/\/zjarr.tv\/sq\/wp-json\/wp\/v2\/comments?post=264266"}],"version-history":[{"count":0,"href":"https:\/\/zjarr.tv\/sq\/wp-json\/wp\/v2\/posts\/264266\/revisions"}],"wp:featuredmedia":[{"embeddable":true,"href":"https:\/\/zjarr.tv\/sq\/wp-json\/wp\/v2\/media\/264268"}],"wp:attachment":[{"href":"https:\/\/zjarr.tv\/sq\/wp-json\/wp\/v2\/media?parent=264266"}],"wp:term":[{"taxonomy":"category","embeddable":true,"href":"https:\/\/zjarr.tv\/sq\/wp-json\/wp\/v2\/categories?post=264266"},{"taxonomy":"post_tag","embeddable":true,"href":"https:\/\/zjarr.tv\/sq\/wp-json\/wp\/v2\/tags?post=264266"}],"curies":[{"name":"wp","href":"https:\/\/api.w.org\/{rel}","templated":true}]}}