{"id":264270,"date":"2022-06-13T14:15:15","date_gmt":"2022-06-13T12:15:15","guid":{"rendered":"https:\/\/zjarr.tv\/?p=264270"},"modified":"2022-06-13T14:15:15","modified_gmt":"2022-06-13T12:15:15","slug":"projektligj-i-ri-per-sherbimin-spitalor-manastirliu-ne-komisionin-e-shendetesise-spitalet-do-te-kene-autonomi-financiare-dhe-menaxheriale-mjeket-praktika-dyfishe-brenda-spitaleve","status":"publish","type":"post","link":"https:\/\/zjarr.tv\/sq\/projektligj-i-ri-per-sherbimin-spitalor-manastirliu-ne-komisionin-e-shendetesise-spitalet-do-te-kene-autonomi-financiare-dhe-menaxheriale-mjeket-praktika-dyfishe-brenda-spitaleve\/","title":{"rendered":"Projektligj i ri p\u00ebr sh\u00ebrbimin spitalor, Manastirliu n\u00eb Komisionin e Sh\u00ebndet\u00ebsis\u00eb: Spitalet do t\u00eb ken\u00eb autonomi financiare dhe menaxheriale, mjek\u00ebt praktika dyfishe brenda spitaleve"},"content":{"rendered":"<p>Spitalet do t\u00eb ken\u00eb autonomi financiare dhe menaxheriale, duke p\u00ebrfshir\u00eb p\u00ebr her\u00eb t\u00eb par\u00eb kart\u00ebn e autonomis\u00eb spitalore, n\u00eb ligjin e ri t\u00eb sh\u00ebrbimit spitalor, i cili po diskutohet n\u00eb Komisionin e Sh\u00ebndet\u00ebsis\u00eb dhe \u00c7\u00ebshtjeve Sociale n\u00eb Kuvend. Ministrja e Sh\u00ebndet\u00ebsis\u00eb dhe Mbrojtjes Sociale, Ogerta Manastirliu b\u00ebr\u00eb t\u00eb ditura risit\u00eb q\u00eb sjell ligji i ri p\u00ebr \u201cSh\u00ebrbimin spitalor n\u00eb Republik\u00ebn e Shqip\u00ebris\u00eb\u201d.<\/p>\n<p>\u201cLigji parashikon risi, duke futur konceptin e ri t\u00eb modelit t\u00eb autonomis\u00eb spitalore. Nj\u00eb model i cili parashikon t\u00eb krijoj\u00eb dy n\u00ebnmodele: modelin e autonomis\u00eb spitalore menaxheriale dhe modelin e autonomis\u00eb spitalore financiare, n\u00ebp\u00ebrmjet nj\u00eb instrumenti q\u00eb e kemi quajtur \u201ckart\u00ebn e autonomis\u00eb spitalore\u201d. Kjo do t\u00eb b\u00ebj\u00eb t\u00eb mundur q\u00eb spitalet, t\u00eb cilat jan\u00eb t\u00eb p\u00ebrgatitura me burimet njer\u00ebzore, t\u00eb administrojn\u00eb n\u00eb nj\u00eb tjet\u00ebr nivel qoft\u00eb buxhetet e alokuara por edhe t\u00eb ken\u00eb mund\u00ebsi t\u00eb krijojn\u00eb m\u00ebnyra t\u00eb reja p\u00ebr t\u00eb vet\u00ebfinancuar spitalet, n\u00ebp\u00ebrmjet marr\u00ebveshjeve me t\u00eb tret\u00ebt\u201d, tha Manastirliu.<\/p>\n<p>Ministrja e Sh\u00ebndet\u00ebsis\u00eb tha se nj\u00eb tjet\u00ebr risi e ligjit t\u00eb ri ka t\u00eb b\u00ebj\u00eb me praktikat dyfishe, e cila parashikon q\u00eb mjek\u00ebt e spitaleve publike t\u00eb munden q\u00eb p\u00ebrtej normave dhe koh\u00ebs s\u00eb pun\u00ebs, t\u00eb ushtrojn\u00eb n\u00eb m\u00ebnyr\u00eb private profesionin e tyre.<\/p>\n<p>\u201cKjo do t\u00eb sjell\u00eb q\u00eb ne t\u2019i kemi mjek\u00ebt m\u00eb shum\u00eb brenda spitaleve tona p\u00ebr t\u2019u kujdesur shum\u00eb m\u00eb shum\u00eb p\u00ebr pacient\u00ebt, edhe p\u00ebrtej koh\u00ebs s\u00eb pun\u00ebs. Do t\u00eb krijoj\u00eb p\u00ebr pacient\u00ebt q\u00eb duan t\u00eb ken\u00eb konsulta ambulatore jasht\u00eb sistemit t\u00eb referimit, nj\u00eb akses m\u00eb t\u00eb drejt\u00ebp\u00ebrdrejt\u00eb n\u00eb sh\u00ebrbime. Dhe sigurisht kjo bazuar n\u00eb kosto dhe tarifa t\u00eb miratuara, sipas t\u00eb metodologjive q\u00eb parashikon ligji dhe q\u00eb ne jemi duke i punuar n\u00eb vijim t\u00eb akteve n\u00ebnligjore q\u00eb do t\u00eb dalin menj\u00ebher\u00eb pas miratimit nga Kuvendi i Shqip\u00ebris\u00eb t\u00eb ligjit t\u00eb ri p\u00ebr kujdesin spitalor\u201d, tha Manastirliu.<\/p>\n<p>Duke ritheksuar q\u00eb modeli i ri i autonomis\u00eb spitalore do t\u00eb pilotohet fillimisht n\u00eb Spitalin Memorial Fier, Manastirliu tha se do t\u00eb ket\u00eb nj\u00eb planifikim komb\u00ebtar spitalor.<\/p>\n<p>\u201cE r\u00ebnd\u00ebsishme p\u00ebr t\u00eb theksuar \u00ebsht\u00eb se do t\u00eb kryhet planifikimi komb\u00ebtar spitalor dhe planet rajonale. Gjithashtu vijm\u00eb me nj\u00eb koncept t\u00eb ri t\u00eb m\u00ebnyr\u00ebs se si do t\u00eb organizojm\u00eb spitalet. Deri sot kemi pasur vet\u00ebm spitalet bashkiake, spitalet rajonale dhe spitalet terciare. Por tashm\u00eb vijm\u00eb dhe me koncepte t\u00eb reja sikurse \u00ebsht\u00eb spitali ditor dhe gjithashtu spitalet mbi baza rajoni, pra spitale q\u00eb i sh\u00ebrbejn\u00eb jo vet\u00ebm qarkut, por gjith\u00eb rajonit\u201d, tha Manastirliu.<\/p>\n<p>Me projektligjin e ri \u201cP\u00ebr sh\u00ebrbimin spitalor n\u00eb Republik\u00ebn e Shqip\u00ebris\u00eb\u201d, spitalet do t\u00eb ken\u00eb autonomi menaxheriale, sa i takon administrimit, organizimit dhe aspektit rregullator si dhe autonomi financiare, q\u00eb do t\u00eb thot\u00eb q\u00eb do t\u00eb jen\u00eb institucione q\u00eb vet\u00ebfinancohen, duke p\u00ebrdorur jo vet\u00ebm burimet nga buxheti i shtetit, por edhe burime t\u00eb tjera t\u00eb ligjshme.<\/p>\n<p>Nj\u00eb risi e k\u00ebtij projektligji t\u00eb ri \u00ebsht\u00eb planifikimi spitalor n\u00eb nivel komb\u00ebtar. P\u00ebr k\u00ebt\u00eb, \u00ebsht\u00eb parashikuar ngritja e nj\u00eb organi kolegjial ad hoc, nj\u00eb organ k\u00ebshillimor p\u00ebr pilitikat dhe zhvillimin e sistemit sh\u00ebndet\u00ebsor, q\u00eb do t\u00eb hartoj\u00eb planin komb\u00ebtar spitalor. Autonomia spitalore do t\u00eb mund\u00ebsoj\u00eb edhe pagesat e diferencuara p\u00ebr mjek\u00ebt n\u00eb baz\u00eb t\u00eb performanc\u00ebs dhe sh\u00ebrbimit t\u00eb ofruar p\u00ebr qytetar\u00ebt si dhe do t\u00eb lejoj\u00eb praktikat e dyfishta t\u00eb mjek\u00ebve, q\u00eb do t\u00eb thot\u00eb edhe mund\u00ebsi p\u00ebr t\u00eb shfryt\u00ebzuar mjediset spitalore p\u00ebr konsulta apo sh\u00ebrbime p\u00ebrtej orarit t\u00eb pun\u00ebs, p\u00ebr pacient\u00eb jasht\u00eb sistemit t\u00eb referimit. Projektligji i ri i hartuar p\u00ebr \u201cSh\u00ebrbimin spitalor n\u00eb Republik\u00ebn e Shqip\u00ebris\u00eb\u201d, vjen pas 18 vitesh nga ligji i spitaleve q\u00eb \u00ebsht\u00eb n\u00eb fuqi.<\/p>\n","protected":false},"excerpt":{"rendered":"<p>Spitalet do t\u00eb ken\u00eb autonomi financiare dhe menaxheriale, duke p\u00ebrfshir\u00eb p\u00ebr her\u00eb t\u00eb par\u00eb kart\u00ebn e autonomis\u00eb spitalore, n\u00eb ligjin e ri t\u00eb sh\u00ebrbimit spitalor, i cili po diskutohet n\u00eb Komisionin e Sh\u00ebndet\u00ebsis\u00eb dhe \u00c7\u00ebshtjeve Sociale n\u00eb Kuvend. Ministrja e Sh\u00ebndet\u00ebsis\u00eb dhe Mbrojtjes Sociale, Ogerta Manastirliu b\u00ebr\u00eb t\u00eb ditura risit\u00eb q\u00eb sjell ligji i ri [&hellip;]<\/p>\n","protected":false},"author":2020,"featured_media":264271,"comment_status":"closed","ping_status":"closed","sticky":false,"template":"","format":"standard","meta":{"footnotes":""},"categories":[241,5380,231],"tags":[],"class_list":{"0":"post-264270","1":"post","2":"type-post","3":"status-publish","4":"format-standard","5":"has-post-thumbnail","7":"category-aktualitet","8":"category-kryesore","9":"category-lajme"},"_links":{"self":[{"href":"https:\/\/zjarr.tv\/sq\/wp-json\/wp\/v2\/posts\/264270","targetHints":{"allow":["GET"]}}],"collection":[{"href":"https:\/\/zjarr.tv\/sq\/wp-json\/wp\/v2\/posts"}],"about":[{"href":"https:\/\/zjarr.tv\/sq\/wp-json\/wp\/v2\/types\/post"}],"author":[{"embeddable":true,"href":"https:\/\/zjarr.tv\/sq\/wp-json\/wp\/v2\/users\/2020"}],"replies":[{"embeddable":true,"href":"https:\/\/zjarr.tv\/sq\/wp-json\/wp\/v2\/comments?post=264270"}],"version-history":[{"count":0,"href":"https:\/\/zjarr.tv\/sq\/wp-json\/wp\/v2\/posts\/264270\/revisions"}],"wp:featuredmedia":[{"embeddable":true,"href":"https:\/\/zjarr.tv\/sq\/wp-json\/wp\/v2\/media\/264271"}],"wp:attachment":[{"href":"https:\/\/zjarr.tv\/sq\/wp-json\/wp\/v2\/media?parent=264270"}],"wp:term":[{"taxonomy":"category","embeddable":true,"href":"https:\/\/zjarr.tv\/sq\/wp-json\/wp\/v2\/categories?post=264270"},{"taxonomy":"post_tag","embeddable":true,"href":"https:\/\/zjarr.tv\/sq\/wp-json\/wp\/v2\/tags?post=264270"}],"curies":[{"name":"wp","href":"https:\/\/api.w.org\/{rel}","templated":true}]}}