{"id":264277,"date":"2022-06-13T14:45:34","date_gmt":"2022-06-13T12:45:34","guid":{"rendered":"https:\/\/zjarr.tv\/?p=264277"},"modified":"2022-06-13T14:45:34","modified_gmt":"2022-06-13T12:45:34","slug":"avokatet-njoftuan-bojkotin-e-seancave-gjyqesore-reagon-ministri-ulsi-manja","status":"publish","type":"post","link":"https:\/\/zjarr.tv\/sq\/avokatet-njoftuan-bojkotin-e-seancave-gjyqesore-reagon-ministri-ulsi-manja\/","title":{"rendered":"Avokat\u00ebt njoftuan bojkotin e seancave gjyq\u00ebsore, reagon ministri Ulsi Manja"},"content":{"rendered":"<p>Ministri i Drejt\u00ebsis\u00eb, Ulsi Manja u b\u00ebn apel avokat\u00ebve q\u00eb t\u00eb reflektojn\u00eb lidhur me vendimin e tyre p\u00ebr t\u00eb bojkotuar seancat gjyq\u00ebsore p\u00ebr hart\u00ebn e re gjyq\u00ebsore.<\/p>\n<p>N\u00eb nj\u00eb prononcim p\u00ebr ATSH, ministri Manja sqaron se avokat\u00ebt jan\u00eb konsultuar me draftin e hart\u00ebs gjyq\u00ebsore dhe sugjerimet e tyre jan\u00eb reflektuar n\u00eb k\u00ebt\u00eb draft i cili pritet t\u00eb kaloj\u00eb p\u00ebr miratim n\u00eb Qeveri.<\/p>\n<p>\u201cAvokat\u00ebt jan\u00eb grup interesi i r\u00ebnd\u00ebsish\u00ebm q\u00eb garantojn\u00eb mbar\u00ebvajtjen e procesit t\u00eb rregullt ligjor n\u00eb zinxhirin e sistemit t\u00eb drejt\u00ebsis\u00eb dhe si t\u00eb till\u00eb jan\u00eb konsultuar me draftin e hart\u00ebs gjyq\u00ebsore gjat\u00eb faz\u00ebs s\u00eb konsultimit publik. Jan\u00eb marr\u00eb n\u00eb konsiderat\u00eb disa sugjerime me vler\u00eb q\u00eb kan\u00eb ardhur edhe nga avokatia, t\u00eb cilat jan\u00eb reflektuar n\u00eb draft, por riorganizimi gjyq\u00ebsor \u00ebsht\u00eb p\u00ebrgjegj\u00ebsi e K\u00ebshillit t\u00eb Lart\u00eb Gjyq\u00ebsor si qeveri e gjyq\u00ebsorit dhe e Ministris\u00eb s\u00eb Drejt\u00ebsis\u00eb\u201d, n\u00ebnvizon Manja.<\/p>\n<p>Ministri thekson se harta e re gjyq\u00ebsore \u00ebsht\u00eb me standarde evropiane dhe krijon balanc\u00ebn mes aksesit t\u00eb qytetarit te drejt\u00ebsia. Harta e re gjyq\u00ebsore, referuar standardeve evropiane, zbatimit t\u00eb ligjeve t\u00eb reja t\u00eb Reform\u00ebs n\u00eb Drejt\u00ebsi dhe gjendjes s\u00eb sistemit t\u00eb drejt\u00ebsis\u00eb, krijon balanc\u00ebn e duhur mes aksesit t\u00eb qytetar\u00ebve te drejt\u00ebsia dhe efi\u00e7enc\u00ebs s\u00eb sistemit gjyq\u00ebsor\u201d, deklaron ministri.<\/p>\n<p>Manja thekson se bojkotimi i seancave gjyq\u00ebsore nuk i sh\u00ebrben askujt, nd\u00ebrsa apelon q\u00eb avokat\u00ebt t\u00eb kontribuojn\u00eb n\u00eb zbatimin e hart\u00ebs s\u00eb re gjyq\u00ebsore.<\/p>\n<p>\u201cAjo q\u00eb ne presim nga Dhoma Komb\u00ebtare e Avokatis\u00eb dhe \u00e7do avokat \u00ebsht\u00eb q\u00eb t\u00eb kontribuojn\u00eb n\u00eb zbatimin e hart\u00ebs s\u00eb re gjyq\u00ebsore pasi ajo t\u00eb miratohet n\u00eb Qeveri dhe t\u00eb hyj\u00eb n\u00eb fuqi. Bojkotimi i seancave gjyq\u00ebsore nuk \u00ebsht\u00eb zgjidhja e duhur dhe nuk i sh\u00ebrben askujt, as sistemit t\u00eb drejt\u00ebsis\u00eb, as avokat\u00ebve dhe aq m\u00eb pak interesave t\u00eb qytetar\u00ebve q\u00eb mbrohen prej tyre. Si njer\u00ebz t\u00eb ligjit, un\u00eb besoj se avokat\u00ebt do t\u00eb reflektojn\u00eb n\u00eb vendimin e tyre pasi zbatimi i ligjit \u00ebsht\u00eb em\u00ebruesi i p\u00ebrbashk\u00ebt i yni dhe q\u00eb i sh\u00ebrben drejt\u00ebsis\u00eb dhe interesit publik\u201d, shprehet Manja.<\/p>\n<p>N\u00eb p\u00ebrputhje me paket\u00ebn e reform\u00ebs n\u00eb drejt\u00ebsi, K\u00ebshilli i Lart\u00eb Gjyq\u00ebsor ngriti nj\u00eb Grup Nd\u00ebrinstitucional p\u00ebr t\u00eb kryer vler\u00ebsimin e sistemit gjyq\u00ebsor dhe p\u00ebr dh\u00ebnien e rekomandimeve lidhur me m\u00ebnyr\u00ebn m\u00eb t\u00eb mir\u00eb t\u00eb riorganizimit t\u00eb gjykatave dhe kompetencave t\u00eb tyre tok\u00ebsore.<\/p>\n<p>K\u00ebshilli i Lart\u00eb Gjyq\u00ebsor miratoi t\u00eb shtun\u00ebn hart\u00ebn e re gjyq\u00ebsore, n\u00eb t\u00eb cil\u00ebn parashikohet nj\u00eb reduktim i numrit t\u00eb gjykatave n\u00eb vend. Sipas hart\u00ebs s\u00eb re, vendi do t\u00eb ket\u00eb 13 gjykata nga 22 q\u00eb ishin m\u00eb par\u00eb, nd\u00ebrsa nga gjasht\u00eb gjykata administrative t\u00eb shkall\u00ebs s\u00eb par\u00eb do t\u00eb mbeten dy, nj\u00eb n\u00eb Tiran\u00eb dhe nj\u00eb n\u00eb Lushnj\u00eb.<\/p>\n","protected":false},"excerpt":{"rendered":"<p>Ministri i Drejt\u00ebsis\u00eb, Ulsi Manja u b\u00ebn apel avokat\u00ebve q\u00eb t\u00eb reflektojn\u00eb lidhur me vendimin e tyre p\u00ebr t\u00eb bojkotuar seancat gjyq\u00ebsore p\u00ebr hart\u00ebn e re gjyq\u00ebsore. N\u00eb nj\u00eb prononcim p\u00ebr ATSH, ministri Manja sqaron se avokat\u00ebt jan\u00eb konsultuar me draftin e hart\u00ebs gjyq\u00ebsore dhe sugjerimet e tyre jan\u00eb reflektuar n\u00eb k\u00ebt\u00eb draft i cili [&hellip;]<\/p>\n","protected":false},"author":2020,"featured_media":264278,"comment_status":"closed","ping_status":"closed","sticky":false,"template":"","format":"standard","meta":{"footnotes":""},"categories":[241,5380,231],"tags":[],"class_list":{"0":"post-264277","1":"post","2":"type-post","3":"status-publish","4":"format-standard","5":"has-post-thumbnail","7":"category-aktualitet","8":"category-kryesore","9":"category-lajme"},"_links":{"self":[{"href":"https:\/\/zjarr.tv\/sq\/wp-json\/wp\/v2\/posts\/264277","targetHints":{"allow":["GET"]}}],"collection":[{"href":"https:\/\/zjarr.tv\/sq\/wp-json\/wp\/v2\/posts"}],"about":[{"href":"https:\/\/zjarr.tv\/sq\/wp-json\/wp\/v2\/types\/post"}],"author":[{"embeddable":true,"href":"https:\/\/zjarr.tv\/sq\/wp-json\/wp\/v2\/users\/2020"}],"replies":[{"embeddable":true,"href":"https:\/\/zjarr.tv\/sq\/wp-json\/wp\/v2\/comments?post=264277"}],"version-history":[{"count":0,"href":"https:\/\/zjarr.tv\/sq\/wp-json\/wp\/v2\/posts\/264277\/revisions"}],"wp:featuredmedia":[{"embeddable":true,"href":"https:\/\/zjarr.tv\/sq\/wp-json\/wp\/v2\/media\/264278"}],"wp:attachment":[{"href":"https:\/\/zjarr.tv\/sq\/wp-json\/wp\/v2\/media?parent=264277"}],"wp:term":[{"taxonomy":"category","embeddable":true,"href":"https:\/\/zjarr.tv\/sq\/wp-json\/wp\/v2\/categories?post=264277"},{"taxonomy":"post_tag","embeddable":true,"href":"https:\/\/zjarr.tv\/sq\/wp-json\/wp\/v2\/tags?post=264277"}],"curies":[{"name":"wp","href":"https:\/\/api.w.org\/{rel}","templated":true}]}}