{"id":264287,"date":"2022-06-13T15:35:49","date_gmt":"2022-06-13T13:35:49","guid":{"rendered":"https:\/\/zjarr.tv\/?p=264287"},"modified":"2022-06-13T15:35:49","modified_gmt":"2022-06-13T13:35:49","slug":"presidenti-meta-u-jep-dekoraten-nderi-i-kombit-tre-vellezerve-bytyqi-dhane-jeten-per-lirine-e-kosove-trupat-prehen-ne-nju-jork","status":"publish","type":"post","link":"https:\/\/zjarr.tv\/sq\/presidenti-meta-u-jep-dekoraten-nderi-i-kombit-tre-vellezerve-bytyqi-dhane-jeten-per-lirine-e-kosove-trupat-prehen-ne-nju-jork\/","title":{"rendered":"Presidenti Meta u jep Dekorat\u00ebn \u201cNderi i Kombit\u201d tre v\u00ebllez\u00ebrve Bytyqi: Dhan\u00eb jet\u00ebn p\u00ebr lirin\u00eb e Kosov\u00eb, trupat prehen n\u00eb Nju Jork"},"content":{"rendered":"<p>Presidenti Ilir Meta ka nderuar me Dekorat\u00ebn e lart\u00eb \u201cNderi i Kombit\u201d tre v\u00ebllez\u00ebrit Bytyqi q\u00eb ran\u00eb p\u00ebr lirin\u00eb e Kosov\u00ebs. Trupat e Agron, Mehmet dhe Ylli Bytyqi prehen n\u00eb Nju Jork, n\u00eb Shtetet e Bashkuara t\u00eb Amerik\u00ebs.<\/p>\n<p>\u201cKur kan\u00eb kaluar mbi dy dekada nga vrasja e tyre e pabes\u00eb dhe ende nuk ka p\u00ebrparim p\u00ebr ndri\u00e7imin e k\u00ebtij krimi monstruoz \u00ebsht\u00eb domosdoshm\u00ebri v\u00ebnia e drejt\u00ebsis\u00eb q\u00eb do t\u00eb leht\u00ebsoj\u00eb dhembjen e madhe t\u00eb familjes s\u00eb dashur Byty\u00e7i\u201d, shkruan presidenti Meta nd\u00ebr rreshta.<\/p>\n<p>Ai ndan disa foto nga ceremonia dhe vizita n\u00eb varret e tre v\u00ebllez\u00ebrve, teksa thekson se zbardhja e gjenocidit dhe t\u00eb gjitha krimeve t\u00eb kryera n\u00eb Kosov\u00eb nga regjimi i Milloshevi\u00e7it do t\u00eb jap\u00eb nj\u00eb kontribut t\u00eb \u00e7muar p\u00ebr m\u00eb shum\u00eb paqe, siguri dhe demokraci n\u00eb rajon.<\/p>\n<p>Sh\u00ebnimi i plot\u00eb i Presidentit t\u00eb Republik\u00ebs, Ilir Meta:<\/p>\n<p>\u201cN\u00ebqoft\u00ebse \u00e7mimi i liris\u00eb ishin jet\u00ebt tona, ne nuk mund\u00ebm t\u00eb jepnim m\u00eb shum\u00eb\u201d.<\/p>\n<p>Dje n\u00eb Dit\u00ebn e \u00c7lirimit t\u00eb Kosov\u00ebs, n\u00eb New York, vendosa nj\u00eb buqet\u00eb me lule t\u00eb fresk\u00ebta dhe u p\u00ebrula me nderim, respekt e mir\u00ebnjohje t\u00eb thell\u00eb para kujtimit dhe vepr\u00ebs t\u00eb D\u00ebshmor\u00ebve t\u00eb Batalionit \u201cAtlantiku\u201d t\u00eb r\u00ebn\u00eb p\u00ebr lirin\u00eb e Kosov\u00ebs, v\u00ebllez\u00ebrve Agron, Mehmet dhe Ylli Byty\u00e7i, historis\u00eb s\u00eb lavdishme t\u00eb U\u00c7K-s\u00eb dhe krenarin\u00eb e komunitetit shqiptaro-amerikan. I dor\u00ebzova n\u00ebn\u00ebs heroin\u00eb Bahrije dhe babait fisnik Ahmet, Dekorat\u00ebn e lart\u00eb \u201cNderi i Kombit\u201d, q\u00eb u akordova djemve t\u00eb tyre t\u00eb paharruar.<\/p>\n<p>Me shembullin e jasht\u00ebzakonsh\u00ebm t\u00eb sakrifikimit m\u00eb sublim n\u00eb em\u00ebr t\u00eb atdhedashuris\u00eb dhe idealeve m\u00eb t\u00eb larta njer\u00ebzore, v\u00ebllez\u00ebrit Byty\u00e7i do t\u2019i frym\u00ebzojn\u00eb dhe edukojn\u00eb p\u00ebrher\u00eb gjeneratat e reja t\u00eb shqiptar\u00ebve n\u00eb mbrojtje t\u00eb liris\u00eb, pavar\u00ebsis\u00eb dhe sovranitetit q\u00eb nuk jan\u00eb t\u00eb dh\u00ebna nj\u00eb her\u00eb e p\u00ebrgjithmon\u00eb.<\/p>\n<p>Kur kan\u00eb kaluar mbi dy dekada nga vrasja e tyre e pabes\u00eb dhe ende nuk ka p\u00ebrparim p\u00ebr ndri\u00e7imin e k\u00ebtij krimi monstruoz \u00ebsht\u00eb domosdoshm\u00ebri v\u00ebnia e drejt\u00ebsis\u00eb q\u00eb do t\u00eb leht\u00ebsoj\u00eb dhembjen e madhe t\u00eb familjes s\u00eb dashur Byty\u00e7i.<\/p>\n<p>Zbardhja e gjenocidit dhe t\u00eb gjitha krimeve t\u00eb kryera n\u00eb Kosov\u00eb nga regjimi i Milloshevi\u00e7it do t\u00eb jap\u00eb nj\u00eb kontribut t\u00eb \u00e7muar p\u00ebr m\u00eb shum\u00eb paqe, siguri dhe demokraci n\u00eb rajonin ton\u00eb!<\/p>\n","protected":false},"excerpt":{"rendered":"<p>Presidenti Ilir Meta ka nderuar me Dekorat\u00ebn e lart\u00eb \u201cNderi i Kombit\u201d tre v\u00ebllez\u00ebrit Bytyqi q\u00eb ran\u00eb p\u00ebr lirin\u00eb e Kosov\u00ebs. Trupat e Agron, Mehmet dhe Ylli Bytyqi prehen n\u00eb Nju Jork, n\u00eb Shtetet e Bashkuara t\u00eb Amerik\u00ebs. \u201cKur kan\u00eb kaluar mbi dy dekada nga vrasja e tyre e pabes\u00eb dhe ende nuk ka p\u00ebrparim [&hellip;]<\/p>\n","protected":false},"author":2020,"featured_media":264288,"comment_status":"closed","ping_status":"closed","sticky":false,"template":"","format":"standard","meta":{"footnotes":""},"categories":[241,5380,231],"tags":[],"class_list":{"0":"post-264287","1":"post","2":"type-post","3":"status-publish","4":"format-standard","5":"has-post-thumbnail","7":"category-aktualitet","8":"category-kryesore","9":"category-lajme"},"_links":{"self":[{"href":"https:\/\/zjarr.tv\/sq\/wp-json\/wp\/v2\/posts\/264287","targetHints":{"allow":["GET"]}}],"collection":[{"href":"https:\/\/zjarr.tv\/sq\/wp-json\/wp\/v2\/posts"}],"about":[{"href":"https:\/\/zjarr.tv\/sq\/wp-json\/wp\/v2\/types\/post"}],"author":[{"embeddable":true,"href":"https:\/\/zjarr.tv\/sq\/wp-json\/wp\/v2\/users\/2020"}],"replies":[{"embeddable":true,"href":"https:\/\/zjarr.tv\/sq\/wp-json\/wp\/v2\/comments?post=264287"}],"version-history":[{"count":0,"href":"https:\/\/zjarr.tv\/sq\/wp-json\/wp\/v2\/posts\/264287\/revisions"}],"wp:featuredmedia":[{"embeddable":true,"href":"https:\/\/zjarr.tv\/sq\/wp-json\/wp\/v2\/media\/264288"}],"wp:attachment":[{"href":"https:\/\/zjarr.tv\/sq\/wp-json\/wp\/v2\/media?parent=264287"}],"wp:term":[{"taxonomy":"category","embeddable":true,"href":"https:\/\/zjarr.tv\/sq\/wp-json\/wp\/v2\/categories?post=264287"},{"taxonomy":"post_tag","embeddable":true,"href":"https:\/\/zjarr.tv\/sq\/wp-json\/wp\/v2\/tags?post=264287"}],"curies":[{"name":"wp","href":"https:\/\/api.w.org\/{rel}","templated":true}]}}