{"id":264479,"date":"2022-06-14T16:37:14","date_gmt":"2022-06-14T14:37:14","guid":{"rendered":"https:\/\/zjarr.tv\/?p=264479"},"modified":"2022-06-14T16:45:44","modified_gmt":"2022-06-14T14:45:44","slug":"i-shoqeruar-nga-dritan-abazovic-kryeministri-edi-rama-niset-drejt-kievit-me-ftese-te-presidentit-zelensky","status":"publish","type":"post","link":"https:\/\/zjarr.tv\/sq\/i-shoqeruar-nga-dritan-abazovic-kryeministri-edi-rama-niset-drejt-kievit-me-ftese-te-presidentit-zelensky\/","title":{"rendered":"I shoq\u00ebruar nga Dritan Abazovi\u00e7\/ Kryeministri Edi Rama niset drejt Kievit: Me ftes\u00eb t\u00eb Presidentit Zelensky\u2026"},"content":{"rendered":"<p>Kryeministri Edi Rama \u00ebsht\u00eb nisur sot drejt Kievit se bashku me Dritan Abazovi\u00e7.<\/p>\n<p>Ashtu si\u00e7 pritej Rama dhe kryeministri i Malit t\u00eb Zi Abazovi\u00e7, jan\u00eb nisur drejt Ukrain\u00ebs s\u00eb pushtuar prej muajsh nga Rusia, ku pritet t\u00eb takohen me presidentin Volodymyr Zelensky.<\/p>\n<p>Rama ka postuar disa foto teksa shfaqet me kryeministrin e Malit t\u00eb Zi Dritan Abazovi\u00e7 n\u00eb shkall\u00ebt e avionit \u201cIsmail Qemali\u201d t\u00eb Air Albania teksa p\u00ebrsh\u00ebndet me dor\u00eb para se t\u00eb hyj\u00eb n\u00eb kabin\u00eb.<\/p>\n<p>\u201cP\u00ebr Kiev me ftes\u00eb t\u00eb Presidentit Zelensky\u201d, shkruan Rama.<\/p>\n","protected":false},"excerpt":{"rendered":"<p>Kryeministri Edi Rama \u00ebsht\u00eb nisur sot drejt Kievit se bashku me Dritan Abazovi\u00e7. Ashtu si\u00e7 pritej Rama dhe kryeministri i Malit t\u00eb Zi Abazovi\u00e7, jan\u00eb nisur drejt Ukrain\u00ebs s\u00eb pushtuar prej muajsh nga Rusia, ku pritet t\u00eb takohen me presidentin Volodymyr Zelensky. Rama ka postuar disa foto teksa shfaqet me kryeministrin e Malit t\u00eb Zi [&hellip;]<\/p>\n","protected":false},"author":2020,"featured_media":264480,"comment_status":"closed","ping_status":"closed","sticky":false,"template":"","format":"standard","meta":{"footnotes":""},"categories":[241,5380,231],"tags":[],"class_list":{"0":"post-264479","1":"post","2":"type-post","3":"status-publish","4":"format-standard","5":"has-post-thumbnail","7":"category-aktualitet","8":"category-kryesore","9":"category-lajme"},"_links":{"self":[{"href":"https:\/\/zjarr.tv\/sq\/wp-json\/wp\/v2\/posts\/264479","targetHints":{"allow":["GET"]}}],"collection":[{"href":"https:\/\/zjarr.tv\/sq\/wp-json\/wp\/v2\/posts"}],"about":[{"href":"https:\/\/zjarr.tv\/sq\/wp-json\/wp\/v2\/types\/post"}],"author":[{"embeddable":true,"href":"https:\/\/zjarr.tv\/sq\/wp-json\/wp\/v2\/users\/2020"}],"replies":[{"embeddable":true,"href":"https:\/\/zjarr.tv\/sq\/wp-json\/wp\/v2\/comments?post=264479"}],"version-history":[{"count":0,"href":"https:\/\/zjarr.tv\/sq\/wp-json\/wp\/v2\/posts\/264479\/revisions"}],"wp:featuredmedia":[{"embeddable":true,"href":"https:\/\/zjarr.tv\/sq\/wp-json\/wp\/v2\/media\/264480"}],"wp:attachment":[{"href":"https:\/\/zjarr.tv\/sq\/wp-json\/wp\/v2\/media?parent=264479"}],"wp:term":[{"taxonomy":"category","embeddable":true,"href":"https:\/\/zjarr.tv\/sq\/wp-json\/wp\/v2\/categories?post=264479"},{"taxonomy":"post_tag","embeddable":true,"href":"https:\/\/zjarr.tv\/sq\/wp-json\/wp\/v2\/tags?post=264479"}],"curies":[{"name":"wp","href":"https:\/\/api.w.org\/{rel}","templated":true}]}}