{"id":264487,"date":"2022-06-14T16:57:33","date_gmt":"2022-06-14T14:57:33","guid":{"rendered":"https:\/\/zjarr.tv\/?p=264487"},"modified":"2022-06-14T16:57:33","modified_gmt":"2022-06-14T14:57:33","slug":"do-kaloje-ne-kolaps-deputetja-zhupa-tregon-pse-nuk-duhet-te-miratohet-harta-e-re-gjyqesore","status":"publish","type":"post","link":"https:\/\/zjarr.tv\/sq\/do-kaloje-ne-kolaps-deputetja-zhupa-tregon-pse-nuk-duhet-te-miratohet-harta-e-re-gjyqesore\/","title":{"rendered":"\u201cDo kaloj\u00eb n\u00eb kolaps\u201d, deputetja Zhupa tregon pse \u201cnuk duhet t\u00eb miratohet harta e re gjyq\u00ebsore\u201d"},"content":{"rendered":"<p>Deputetja demokrate Ina Zhupa thot\u00eb se harta e re gjyq\u00ebsore nuk duhet t\u00eb miratohet pasi sipas saj rrezikon t\u00eb \u00e7oj\u00eb n\u00eb kolaps gjyq\u00ebsorin.<\/p>\n<p>N\u00eb nj\u00eb reagim n\u00eb rrjetet sociale, Zhupa thekson se me mbylljen e gjykatave n\u00eb disa qytete si Saranda, do t\u00eb shkaktohet rritja e shpenzimeve p\u00ebr qytetar\u00ebt por edhe rritja e kostos s\u00eb sh\u00ebrbimeve nga avokat\u00ebt.<\/p>\n<p>Reagimi i Zhup\u00ebs:<\/p>\n<p>Harta gjyq\u00ebsore q\u00eb mbyll 18 gjykata, pa asnj\u00eb studim, duke demtuar aksesin n\u00eb drejt\u00ebsi, dh\u00ebnien e drejt\u00ebsise, rritur kostot e qytetar\u00ebve, NUK DUHET t\u00eb miratohet.<\/p>\n<p>Avokat\u00ebt e Vlor\u00ebs i jan\u00eb bashkuar bojkotit, duke theksuar se harta e re e \u00e7on sistemin e drejt\u00ebsis\u00eb drejt kolapsit. Vet\u00ebm sot n\u00eb Vlor\u00eb jan\u00eb pezulluar 60 seanca n\u00eb Gjykat\u00ebn e Shkall\u00ebs s\u00eb Par\u00eb, 40 n\u00eb Gjykat\u00ebn e Apelit dhe 24 n\u00eb at\u00eb Administrative.<\/p>\n<p>Avokat\u00ebt e Sarand\u00ebs kund\u00ebrshtojn\u00eb shkrirjen e Gjykat\u00ebs s\u00eb Apelit dhe Gjykat\u00ebs Administrative n\u00eb Gjirokast\u00ebr. Shkrirja e k\u00ebtyre gjykatave dhe zhvendosja drejt Tiran\u00ebs dhe Lushnj\u00ebs do t\u00eb sjell\u00eb edhe rritjen e kostove p\u00ebr qytetar\u00ebt<\/p>\n<p>Avokat\u00ebt shprehen se gjyq\u00ebsori do kaloj\u00eb n\u00eb kolaps. Do duhen vite p\u00ebr nj\u00eb seanc\u00eb. Sa koh\u00eb e lek\u00eb i duhen nj\u00eb qytetari nga Saranda t\u00eb shkoj n\u00eb Tiran\u00eb p\u00ebr cdo seanc\u00eb?<\/p>\n<p>5 gjykata Apeli do t\u00eb mbyllen, dhe si rrjedhim aksesi\/koha\/shpenzimet e qytetar\u00ebve nga e gjith\u00eb Shqip\u00ebria do t\u00eb r\u00ebndoj\u00eb n\u00eb xhepat e qytetar\u00ebve.<\/p>\n<p>4 gjykata administrative do t\u00eb mbyllen, dhe si rrjedhim aksesi\/koha\/shpenzimet do t\u00eb rriten p\u00ebr qytetar\u00ebt.<\/p>\n<p>9 gjykata t\u00eb shkall\u00ebs s\u00eb par\u00eb, t\u00eb Pogradecit, Lushnj\u00ebs, P\u00ebrmetit, Kavaj\u00ebs, Kruj\u00ebs, Kurbinit, Matit, Puk\u00ebs dhe Tropoj\u00ebs do t\u00eb mbyllen.<\/p>\n<p>Qytetar\u00ebve dhe avokat\u00ebve t\u00eb qyteteve q\u00eb preken do iu rriten shpenzimet\/kostot e sh\u00ebrbimeve p\u00ebr t\u00eb marr\u00eb drejt\u00ebsi.<\/p>\n","protected":false},"excerpt":{"rendered":"<p>Deputetja demokrate Ina Zhupa thot\u00eb se harta e re gjyq\u00ebsore nuk duhet t\u00eb miratohet pasi sipas saj rrezikon t\u00eb \u00e7oj\u00eb n\u00eb kolaps gjyq\u00ebsorin. N\u00eb nj\u00eb reagim n\u00eb rrjetet sociale, Zhupa thekson se me mbylljen e gjykatave n\u00eb disa qytete si Saranda, do t\u00eb shkaktohet rritja e shpenzimeve p\u00ebr qytetar\u00ebt por edhe rritja e kostos s\u00eb [&hellip;]<\/p>\n","protected":false},"author":2030,"featured_media":264488,"comment_status":"closed","ping_status":"closed","sticky":false,"template":"","format":"standard","meta":{"footnotes":""},"categories":[241,3366,5380,231,1454],"tags":[],"class_list":{"0":"post-264487","1":"post","2":"type-post","3":"status-publish","4":"format-standard","5":"has-post-thumbnail","7":"category-aktualitet","8":"category-koment","9":"category-kryesore","10":"category-lajme","11":"category-politike"},"_links":{"self":[{"href":"https:\/\/zjarr.tv\/sq\/wp-json\/wp\/v2\/posts\/264487","targetHints":{"allow":["GET"]}}],"collection":[{"href":"https:\/\/zjarr.tv\/sq\/wp-json\/wp\/v2\/posts"}],"about":[{"href":"https:\/\/zjarr.tv\/sq\/wp-json\/wp\/v2\/types\/post"}],"author":[{"embeddable":true,"href":"https:\/\/zjarr.tv\/sq\/wp-json\/wp\/v2\/users\/2030"}],"replies":[{"embeddable":true,"href":"https:\/\/zjarr.tv\/sq\/wp-json\/wp\/v2\/comments?post=264487"}],"version-history":[{"count":0,"href":"https:\/\/zjarr.tv\/sq\/wp-json\/wp\/v2\/posts\/264487\/revisions"}],"wp:featuredmedia":[{"embeddable":true,"href":"https:\/\/zjarr.tv\/sq\/wp-json\/wp\/v2\/media\/264488"}],"wp:attachment":[{"href":"https:\/\/zjarr.tv\/sq\/wp-json\/wp\/v2\/media?parent=264487"}],"wp:term":[{"taxonomy":"category","embeddable":true,"href":"https:\/\/zjarr.tv\/sq\/wp-json\/wp\/v2\/categories?post=264487"},{"taxonomy":"post_tag","embeddable":true,"href":"https:\/\/zjarr.tv\/sq\/wp-json\/wp\/v2\/tags?post=264487"}],"curies":[{"name":"wp","href":"https:\/\/api.w.org\/{rel}","templated":true}]}}