{"id":264495,"date":"2022-06-14T17:28:57","date_gmt":"2022-06-14T15:28:57","guid":{"rendered":"https:\/\/zjarr.tv\/?p=264495"},"modified":"2022-06-14T17:28:57","modified_gmt":"2022-06-14T15:28:57","slug":"mbledhja-e-pd-per-reformen-territoriale-alibeaj-ne-fund-te-korrikut-do-kemi-propozim-konkret-xhaferaj-te-shtojme-numrin-e-bashkive","status":"publish","type":"post","link":"https:\/\/zjarr.tv\/sq\/mbledhja-e-pd-per-reformen-territoriale-alibeaj-ne-fund-te-korrikut-do-kemi-propozim-konkret-xhaferaj-te-shtojme-numrin-e-bashkive\/","title":{"rendered":"Mbledhja e PD p\u00ebr Reform\u00ebn Territoriale\/ Alibeaj: N\u00eb fund t\u00eb korrikut do kemi propozim konkret! Xhaferaj: T\u00eb shtojm\u00eb numrin e Bashkive"},"content":{"rendered":"<p>Enkelejd Alibeaj ka mbledhur sot Grupin Parlamentar t\u00eb forc\u00ebs politike ku b\u00ebn pjes\u00eb. N\u00eb fokus t\u00eb diskutimeve mes deputet\u00ebve demokrat\u00eb \u00ebsht\u00eb Reforma Territoriale, mbledhja e par\u00eb p\u00ebr t\u00eb cil\u00ebn do t\u00eb mbahet nes\u00ebr n\u00eb Komisionin Parlamentar.<\/p>\n<p>Alibeaj ka th\u00ebn\u00eb se gjat\u00eb k\u00ebtij muaji do evidentohen problematikat e ndarjes aktuale territoriale dhe n\u00eb fund t\u00eb korrikut demokrat\u00ebt do t\u00eb dalin me nj\u00eb propozim konkret, p\u00ebr m\u00ebnyr\u00ebn sesi do t\u00eb duhet t\u00eb jet\u00eb harta e re territoriale e Shqip\u00ebris\u00eb.<\/p>\n<p>\u201cN\u00eb qershor do t\u00eb evidentohen problematikat q\u00eb lidhen me Reform\u00ebn Territoriale, dhe deri n\u00eb fund t\u00eb korrikut do t\u00eb dilet me propozim konkret, p\u00ebr m\u00ebnyr\u00ebn sesi do t\u00eb duhet t\u00eb jet\u00eb harta e re territoriale e Shqip\u00ebris\u00eb\u201d, ka th\u00ebn\u00eb kreu i grupit t\u00eb PD.<\/p>\n<p>Gjat\u00eb mbledhjes, nj\u00eb propozim konkret e ka dh\u00ebn\u00eb dhe Ferdinand Xhaferaj. Deputeti demokrat ka th\u00ebn\u00eb se ve\u00e7 interesit qytetar, partia m\u00eb e madhe opozitare duhet t\u00eb shoh dhe interesin elektoral, duke k\u00ebrkuar shtimin e numrit t\u00eb bashkive.<\/p>\n<p>\u201cMendoj q\u00eb komisioni ka nj\u00eb kompozim shum\u00eb t\u00eb mir\u00eb duke filluar nga Dhurata q\u00eb ka nj\u00eb artikulim t\u00eb mir\u00eb. Ne duhet t\u00eb kemi disa opsione. Dhe krahas interesit qytetar q\u00eb \u00ebsht\u00eb primar, sigurisht duhet t\u00eb mbajm\u00eb n\u00eb konsiderat\u00eb edhe interesin elektoral. Nga t\u00eb gjitha takimet q\u00eb kemi pasur me qytetar\u00eb, ka nj\u00eb dakord\u00ebsi p\u00ebr rritjen e numrit t\u00eb bashkive\u201d, \u00ebsht\u00eb shprehur Xhaferaj.<\/p>\n","protected":false},"excerpt":{"rendered":"<p>Enkelejd Alibeaj ka mbledhur sot Grupin Parlamentar t\u00eb forc\u00ebs politike ku b\u00ebn pjes\u00eb. N\u00eb fokus t\u00eb diskutimeve mes deputet\u00ebve demokrat\u00eb \u00ebsht\u00eb Reforma Territoriale, mbledhja e par\u00eb p\u00ebr t\u00eb cil\u00ebn do t\u00eb mbahet nes\u00ebr n\u00eb Komisionin Parlamentar. Alibeaj ka th\u00ebn\u00eb se gjat\u00eb k\u00ebtij muaji do evidentohen problematikat e ndarjes aktuale territoriale dhe n\u00eb fund t\u00eb korrikut [&hellip;]<\/p>\n","protected":false},"author":2030,"featured_media":264496,"comment_status":"closed","ping_status":"closed","sticky":false,"template":"","format":"standard","meta":{"footnotes":""},"categories":[241,3366,5380,231,1454],"tags":[],"class_list":{"0":"post-264495","1":"post","2":"type-post","3":"status-publish","4":"format-standard","5":"has-post-thumbnail","7":"category-aktualitet","8":"category-koment","9":"category-kryesore","10":"category-lajme","11":"category-politike"},"_links":{"self":[{"href":"https:\/\/zjarr.tv\/sq\/wp-json\/wp\/v2\/posts\/264495","targetHints":{"allow":["GET"]}}],"collection":[{"href":"https:\/\/zjarr.tv\/sq\/wp-json\/wp\/v2\/posts"}],"about":[{"href":"https:\/\/zjarr.tv\/sq\/wp-json\/wp\/v2\/types\/post"}],"author":[{"embeddable":true,"href":"https:\/\/zjarr.tv\/sq\/wp-json\/wp\/v2\/users\/2030"}],"replies":[{"embeddable":true,"href":"https:\/\/zjarr.tv\/sq\/wp-json\/wp\/v2\/comments?post=264495"}],"version-history":[{"count":0,"href":"https:\/\/zjarr.tv\/sq\/wp-json\/wp\/v2\/posts\/264495\/revisions"}],"wp:featuredmedia":[{"embeddable":true,"href":"https:\/\/zjarr.tv\/sq\/wp-json\/wp\/v2\/media\/264496"}],"wp:attachment":[{"href":"https:\/\/zjarr.tv\/sq\/wp-json\/wp\/v2\/media?parent=264495"}],"wp:term":[{"taxonomy":"category","embeddable":true,"href":"https:\/\/zjarr.tv\/sq\/wp-json\/wp\/v2\/categories?post=264495"},{"taxonomy":"post_tag","embeddable":true,"href":"https:\/\/zjarr.tv\/sq\/wp-json\/wp\/v2\/tags?post=264495"}],"curies":[{"name":"wp","href":"https:\/\/api.w.org\/{rel}","templated":true}]}}