{"id":264502,"date":"2022-06-14T19:30:47","date_gmt":"2022-06-14T17:30:47","guid":{"rendered":"https:\/\/zjarr.tv\/?p=264502"},"modified":"2022-06-14T19:30:47","modified_gmt":"2022-06-14T17:30:47","slug":"neser-mbledhja-e-pare-per-territorialen-alibeaj-pas-takimit-me-grupin-e-pd-do-marrim-mendimin-e-gjithe-ish-kryetareve-te-bashkive","status":"publish","type":"post","link":"https:\/\/zjarr.tv\/sq\/neser-mbledhja-e-pare-per-territorialen-alibeaj-pas-takimit-me-grupin-e-pd-do-marrim-mendimin-e-gjithe-ish-kryetareve-te-bashkive\/","title":{"rendered":"Nes\u00ebr mbledhja e par\u00eb p\u00ebr \u201cTerritorialen\u201d, Alibeaj pas takimit me Grupin e PD: Do marrim mendimin e gjith\u00eb ish-kryetar\u00ebve t\u00eb bashkive"},"content":{"rendered":"<p>Kreu i Grupit t\u00eb PD, Enkelejd Alibeaj, ka th\u00ebn\u00eb se ata do t\u00eb marrin mendimin e gjith\u00eb ish-kryetar\u00ebve t\u00eb bashkive dhe ish-kryetar\u00ebve t\u00eb komunave, p\u00ebr hartimin e Reform\u00ebs s\u00eb re Territoriale. Mbledhja e par\u00eb e Komisionit do mbahet nes\u00ebr.<\/p>\n<p>\u201cI kam informuar p\u00ebr m\u00ebnyr\u00ebn sesi do t\u00eb operohet gjat\u00eb komisionit p\u00ebr Reform\u00ebn Territoriale. Ajo q\u00eb do jet\u00eb e r\u00ebnd\u00ebsishme \u00ebsht\u00eb se gjat\u00eb k\u00ebtij komisionit, do t\u00eb marrin kontributin e t\u00eb gjith\u00eb ish kryetar\u00ebve t\u00eb bashkive dhe t\u00eb komunave, t\u00eb \u00e7do eksperti q\u00eb ka njohuri n\u00eb m\u00ebnyr\u00eb q\u00eb ekspertiza t\u00eb jet\u00eb e vlefshme dhe neutrale\u201d, u shpreh ai p\u00ebr mediat.<\/p>\n<p>Pasi doli nga mbledhja e deputet\u00ebt demokrat\u00eb, Alibeaj tha se n\u00eb fokus t\u00eb Reform\u00ebs s\u00eb re do t\u00eb jen\u00eb sh\u00ebrbimet q\u00eb do t\u00eb marrin qytetar\u00ebt. Kreu i Grupit Parlamentar t\u00eb PD shtoi se ata kan\u00eb marr\u00eb dhe ekspert\u00eb ndihm\u00ebs, t\u00eb cil\u00ebt do japin kontributin e tyre.<\/p>\n<p>\u201cAjo q\u00eb ne kemi si synim kryesor \u00ebsht\u00eb q\u00eb me k\u00ebt\u00eb reform\u00eb territoriale t\u00eb jen\u00eb n\u00eb fokus sh\u00ebrbimet q\u00eb qytetar\u00ebt duhet t\u00eb marrin. Komisioni ka 9 an\u00ebtar\u00eb nga t\u00eb cil\u00ebt 6 an\u00ebtar\u00eb ka PD. Jan\u00eb p\u00ebrfshir\u00eb ata q\u00eb kan\u00eb ekspertiz\u00eb t\u00eb thell\u00eb. Eksperienca dhe d\u00ebshira jan\u00eb nd\u00ebr grupet m\u00eb t\u00eb mira t\u00eb p\u00ebrfshir\u00eb n\u00eb k\u00ebt\u00eb komision. Reform\u00ebn territoriale e k\u00ebrkojn\u00eb shqiptar\u00ebt.<\/p>\n<p>Do t\u00eb ishte e udh\u00ebs serioziteti i nj\u00eb veprimtarie politike i nj\u00eb procesi q\u00eb t\u00eb ecet me hapat e kujdessh\u00ebm at\u00eb q\u00eb njer\u00ebzit duan. Fokusi kryesor i reform\u00ebs territoriale \u00ebsht\u00eb qytetari t\u00eb jet\u00eb n\u00eb qend\u00ebr, kriteret ekonomike dhe tradicionale t\u00eb respektohen\u201d, u shpreh Enkelejd Alibeaj.<\/p>\n<p>N\u00eb mbledhjen e sotme t\u00eb Grupit Parlamentar u pa nj\u00eb \u201cfiro\u201d e deputet\u00ebve demokrat\u00eb q\u00eb kishin shkuar n\u00eb mbledhje. Gazetar\u00ebt e pyet\u00ebn Alibeajn p\u00ebr k\u00ebt\u00eb dhe ai u shpreh se nj\u00eb pjes\u00eb kishin marr\u00eb pjes\u00eb edhe online, p\u00ebr shkak se kan\u00eb dhe impenjime t\u00eb tjera.<\/p>\n<p>\u201cMbledhjet e deputet\u00ebve jan\u00eb me dyer t\u00eb hapura secili ka t\u00eb drejt\u00eb t\u00eb marr\u00eb pjes\u00eb, nj\u00eb pjes\u00eb e deputet\u00ebve p\u00ebr shkak t\u00eb impenjimeve kan\u00eb qen\u00eb edhe kontakt online. Kontakti yn\u00eb \u00ebsht\u00eb i p\u00ebrditsh\u00ebm me gjith\u00eb deputet\u00ebt\u201d, vijoi ai.<\/p>\n","protected":false},"excerpt":{"rendered":"<p>Kreu i Grupit t\u00eb PD, Enkelejd Alibeaj, ka th\u00ebn\u00eb se ata do t\u00eb marrin mendimin e gjith\u00eb ish-kryetar\u00ebve t\u00eb bashkive dhe ish-kryetar\u00ebve t\u00eb komunave, p\u00ebr hartimin e Reform\u00ebs s\u00eb re Territoriale. Mbledhja e par\u00eb e Komisionit do mbahet nes\u00ebr. \u201cI kam informuar p\u00ebr m\u00ebnyr\u00ebn sesi do t\u00eb operohet gjat\u00eb komisionit p\u00ebr Reform\u00ebn Territoriale. Ajo q\u00eb [&hellip;]<\/p>\n","protected":false},"author":2030,"featured_media":264477,"comment_status":"closed","ping_status":"closed","sticky":false,"template":"","format":"standard","meta":{"footnotes":""},"categories":[241,3366,5380,231,1454],"tags":[],"class_list":{"0":"post-264502","1":"post","2":"type-post","3":"status-publish","4":"format-standard","5":"has-post-thumbnail","7":"category-aktualitet","8":"category-koment","9":"category-kryesore","10":"category-lajme","11":"category-politike"},"_links":{"self":[{"href":"https:\/\/zjarr.tv\/sq\/wp-json\/wp\/v2\/posts\/264502","targetHints":{"allow":["GET"]}}],"collection":[{"href":"https:\/\/zjarr.tv\/sq\/wp-json\/wp\/v2\/posts"}],"about":[{"href":"https:\/\/zjarr.tv\/sq\/wp-json\/wp\/v2\/types\/post"}],"author":[{"embeddable":true,"href":"https:\/\/zjarr.tv\/sq\/wp-json\/wp\/v2\/users\/2030"}],"replies":[{"embeddable":true,"href":"https:\/\/zjarr.tv\/sq\/wp-json\/wp\/v2\/comments?post=264502"}],"version-history":[{"count":0,"href":"https:\/\/zjarr.tv\/sq\/wp-json\/wp\/v2\/posts\/264502\/revisions"}],"wp:featuredmedia":[{"embeddable":true,"href":"https:\/\/zjarr.tv\/sq\/wp-json\/wp\/v2\/media\/264477"}],"wp:attachment":[{"href":"https:\/\/zjarr.tv\/sq\/wp-json\/wp\/v2\/media?parent=264502"}],"wp:term":[{"taxonomy":"category","embeddable":true,"href":"https:\/\/zjarr.tv\/sq\/wp-json\/wp\/v2\/categories?post=264502"},{"taxonomy":"post_tag","embeddable":true,"href":"https:\/\/zjarr.tv\/sq\/wp-json\/wp\/v2\/tags?post=264502"}],"curies":[{"name":"wp","href":"https:\/\/api.w.org\/{rel}","templated":true}]}}