{"id":264529,"date":"2022-06-15T08:05:16","date_gmt":"2022-06-15T06:05:16","guid":{"rendered":"https:\/\/zjarr.tv\/?p=264529"},"modified":"2022-06-15T08:05:16","modified_gmt":"2022-06-15T06:05:16","slug":"zyrtare-jo-me-ne-kosove-festivali-sunny-hill-zhvendoset-ne-tirane","status":"publish","type":"post","link":"https:\/\/zjarr.tv\/sq\/zyrtare-jo-me-ne-kosove-festivali-sunny-hill-zhvendoset-ne-tirane\/","title":{"rendered":"Zyrtare: Jo m\u00eb n\u00eb Kosov\u00eb, festivali \u201cSunny Hill\u201d zhvendoset n\u00eb Tiran\u00eb"},"content":{"rendered":"<p>Festivali \u201cSunny Hill\u201d k\u00ebt\u00eb her\u00eb nuk do t\u00eb mbahet n\u00eb Prishtin\u00eb, por n\u00eb  Shqip\u00ebri. .<\/p>\n<p>Kan\u00eb qen\u00eb organizator\u00ebt e k\u00ebtij festivali ata t\u00eb cil\u00ebt p\u00ebrmes nj\u00eb njoftimi n\u00eb faqet e tyre zyrtare b\u00ebjn\u00eb me dije se do t\u00eb zhvendosen n\u00eb Tiran\u00eb, pasi Ministria e Administrimit t\u00eb Pushtetit Lokal nuk u ka kthyer p\u00ebrgjigje p\u00ebrfundimtare orgaanizator\u00ebve p\u00ebr dh\u00ebnien e tok\u00ebs n\u00eb zhfryt\u00ebzim.<\/p>\n<p>Postimi i plot\u00eb:<\/p>\n<p>\u201cT\u00eb nj\u00ebjtat data, e nj\u00ebjta p\u00ebrvoj\u00eb e bukur, vendndodhja e ndryshme!<\/p>\n<p>K\u00ebt\u00eb gusht (p\u00ebr shkak t\u00eb vonesave nga autoritetet n\u00eb sigurimin e licencave t\u00eb nevojshme p\u00ebr vendndodhjen), jemi t\u00eb detyruar t\u00eb shkojm\u00eb n\u00eb Tiran\u00eb.<\/p>\n<p>Ne duam t\u00eb informojm\u00eb t\u00eb gjith\u00eb mbajt\u00ebsit tan\u00eb t\u00eb biletave se biletat e tyre jan\u00eb t\u00eb vlefshme p\u00ebr Sunny Hill Festival 2022 \u2013 Tirana Edition, nd\u00ebrsa ata q\u00eb nuk mund t\u00eb marrin pjes\u00eb n\u00eb Festivalin n\u00eb Tiran\u00eb, do t\u00eb mund t\u00eb rimbursojn\u00eb biletat e tyre. (Dritarja e rimbursimit do t\u00eb hapet nga 1 korriku deri m\u00eb 15 korrik. M\u00eb shum\u00eb detaje dhe udh\u00ebzime do t\u00eb jepen n\u00eb dit\u00ebt n\u00eb vijim.)<\/p>\n","protected":false},"excerpt":{"rendered":"<p>Festivali \u201cSunny Hill\u201d k\u00ebt\u00eb her\u00eb nuk do t\u00eb mbahet n\u00eb Prishtin\u00eb, por n\u00eb Shqip\u00ebri. . Kan\u00eb qen\u00eb organizator\u00ebt e k\u00ebtij festivali ata t\u00eb cil\u00ebt p\u00ebrmes nj\u00eb njoftimi n\u00eb faqet e tyre zyrtare b\u00ebjn\u00eb me dije se do t\u00eb zhvendosen n\u00eb Tiran\u00eb, pasi Ministria e Administrimit t\u00eb Pushtetit Lokal nuk u ka kthyer p\u00ebrgjigje p\u00ebrfundimtare orgaanizator\u00ebve [&hellip;]<\/p>\n","protected":false},"author":2031,"featured_media":264530,"comment_status":"closed","ping_status":"closed","sticky":false,"template":"","format":"standard","meta":{"footnotes":""},"categories":[241,231,235],"tags":[],"class_list":{"0":"post-264529","1":"post","2":"type-post","3":"status-publish","4":"format-standard","5":"has-post-thumbnail","7":"category-aktualitet","8":"category-lajme","9":"category-vendi"},"_links":{"self":[{"href":"https:\/\/zjarr.tv\/sq\/wp-json\/wp\/v2\/posts\/264529","targetHints":{"allow":["GET"]}}],"collection":[{"href":"https:\/\/zjarr.tv\/sq\/wp-json\/wp\/v2\/posts"}],"about":[{"href":"https:\/\/zjarr.tv\/sq\/wp-json\/wp\/v2\/types\/post"}],"author":[{"embeddable":true,"href":"https:\/\/zjarr.tv\/sq\/wp-json\/wp\/v2\/users\/2031"}],"replies":[{"embeddable":true,"href":"https:\/\/zjarr.tv\/sq\/wp-json\/wp\/v2\/comments?post=264529"}],"version-history":[{"count":0,"href":"https:\/\/zjarr.tv\/sq\/wp-json\/wp\/v2\/posts\/264529\/revisions"}],"wp:featuredmedia":[{"embeddable":true,"href":"https:\/\/zjarr.tv\/sq\/wp-json\/wp\/v2\/media\/264530"}],"wp:attachment":[{"href":"https:\/\/zjarr.tv\/sq\/wp-json\/wp\/v2\/media?parent=264529"}],"wp:term":[{"taxonomy":"category","embeddable":true,"href":"https:\/\/zjarr.tv\/sq\/wp-json\/wp\/v2\/categories?post=264529"},{"taxonomy":"post_tag","embeddable":true,"href":"https:\/\/zjarr.tv\/sq\/wp-json\/wp\/v2\/tags?post=264529"}],"curies":[{"name":"wp","href":"https:\/\/api.w.org\/{rel}","templated":true}]}}