{"id":264534,"date":"2022-06-15T08:07:55","date_gmt":"2022-06-15T06:07:55","guid":{"rendered":"https:\/\/zjarr.tv\/?p=264534"},"modified":"2022-06-15T08:07:55","modified_gmt":"2022-06-15T06:07:55","slug":"ish-minister-dhe-sot-avokat-eduard-halimi-harta-e-re-gjyqesore-do-shtoje-kostot-per-qytetaret-dhe-mbrojtesit-ligjore","status":"publish","type":"post","link":"https:\/\/zjarr.tv\/sq\/ish-minister-dhe-sot-avokat-eduard-halimi-harta-e-re-gjyqesore-do-shtoje-kostot-per-qytetaret-dhe-mbrojtesit-ligjore\/","title":{"rendered":"Ish-minist\u00ebr dhe sot avokat, Eduard Halimi: Harta e re gjyq\u00ebsore do shtoj\u00eb kostot, p\u00ebr qytetar\u00ebt dhe mbrojt\u00ebsit ligjor\u00eb"},"content":{"rendered":"<p>Ish-ministri i Drejt\u00ebsis\u00eb Eduard Halimi, thot\u00eb se harta e re gjyq\u00ebsore do t\u00eb shtoj\u00eb kostot p\u00ebr qytetar\u00ebt por dhe p\u00ebr avokat\u00ebt. Sipas tij, shum\u00eb avokat\u00eb do mbeten pa pun\u00eb, pasi shpenzimet p\u00ebr t\u00eb shkuar n\u00eb qytete t\u00eb tjera do jen\u00eb t\u00eb larta.<\/p>\n<p>Duke folur n\u00eb emisionin \u201cOra e Betit\u201d, Halimi tha se qytetar\u00ebt nuk do t\u00eb shkojn\u00eb m\u00eb n\u00eb gjykat\u00eb dhe do t\u2019u privohet aksesi n\u00eb drejt\u00ebsi. Ai shtoi se me hart\u00ebn e re gjyq\u00ebsore, mbyllen 9 gjykata dhe prokurori n\u00eb 9 qytete t\u00eb vendit.<\/p>\n<p>\u201cAvokat\u00ebt dhe shqet\u00ebsimi i tyre \u00ebsht\u00eb legjitim sepse ata dhe qytetar\u00ebt duhet t\u00eb din\u00eb pse po ndodh nj\u00eb proces i till\u00eb. \u00cbsht\u00eb fakt q\u00eb me hart\u00ebn e re gjyq\u00ebsore, mbyllen 9 gjykata dhe prokurori n\u00eb 9 qytete t\u00eb vendit. Shkrirja e 5 gjykata e apelit dhe p\u00ebrqendrimi n\u00eb Tiran\u00eb rrit kostot p\u00ebr qytetar\u00ebt dhe avokat\u00ebt.<\/p>\n<p>N\u00ebse mbyllet n\u00eb P\u00ebrmet nj\u00eb studio ligjore do t\u00eb ngelin pa pun\u00eb avokat\u00ebt dhe p\u00ebr t\u00eb shkuar n\u00eb Gjirokast\u00ebr avokatit i duhen shum\u00eb shpenzime dhe do t\u00eb shkojn\u00eb t\u00eb paguhen te qytetari. Qytetar\u00ebt nuk do t\u00eb shkojn\u00eb m\u00eb n\u00eb gjykat\u00eb dhe do tu privohet aksesi n\u00eb drejt\u00ebsi. Prandaj shqet\u00ebsimi \u00ebsht\u00eb tejet legjitim\u201d, ka th\u00ebn\u00eb Halimi.<\/p>\n","protected":false},"excerpt":{"rendered":"<p>Ish-ministri i Drejt\u00ebsis\u00eb Eduard Halimi, thot\u00eb se harta e re gjyq\u00ebsore do t\u00eb shtoj\u00eb kostot p\u00ebr qytetar\u00ebt por dhe p\u00ebr avokat\u00ebt. Sipas tij, shum\u00eb avokat\u00eb do mbeten pa pun\u00eb, pasi shpenzimet p\u00ebr t\u00eb shkuar n\u00eb qytete t\u00eb tjera do jen\u00eb t\u00eb larta. Duke folur n\u00eb emisionin \u201cOra e Betit\u201d, Halimi tha se qytetar\u00ebt nuk do [&hellip;]<\/p>\n","protected":false},"author":2031,"featured_media":264535,"comment_status":"closed","ping_status":"closed","sticky":false,"template":"","format":"standard","meta":{"footnotes":""},"categories":[241,231,235],"tags":[],"class_list":{"0":"post-264534","1":"post","2":"type-post","3":"status-publish","4":"format-standard","5":"has-post-thumbnail","7":"category-aktualitet","8":"category-lajme","9":"category-vendi"},"_links":{"self":[{"href":"https:\/\/zjarr.tv\/sq\/wp-json\/wp\/v2\/posts\/264534","targetHints":{"allow":["GET"]}}],"collection":[{"href":"https:\/\/zjarr.tv\/sq\/wp-json\/wp\/v2\/posts"}],"about":[{"href":"https:\/\/zjarr.tv\/sq\/wp-json\/wp\/v2\/types\/post"}],"author":[{"embeddable":true,"href":"https:\/\/zjarr.tv\/sq\/wp-json\/wp\/v2\/users\/2031"}],"replies":[{"embeddable":true,"href":"https:\/\/zjarr.tv\/sq\/wp-json\/wp\/v2\/comments?post=264534"}],"version-history":[{"count":0,"href":"https:\/\/zjarr.tv\/sq\/wp-json\/wp\/v2\/posts\/264534\/revisions"}],"wp:featuredmedia":[{"embeddable":true,"href":"https:\/\/zjarr.tv\/sq\/wp-json\/wp\/v2\/media\/264535"}],"wp:attachment":[{"href":"https:\/\/zjarr.tv\/sq\/wp-json\/wp\/v2\/media?parent=264534"}],"wp:term":[{"taxonomy":"category","embeddable":true,"href":"https:\/\/zjarr.tv\/sq\/wp-json\/wp\/v2\/categories?post=264534"},{"taxonomy":"post_tag","embeddable":true,"href":"https:\/\/zjarr.tv\/sq\/wp-json\/wp\/v2\/tags?post=264534"}],"curies":[{"name":"wp","href":"https:\/\/api.w.org\/{rel}","templated":true}]}}