{"id":264543,"date":"2022-06-15T08:31:57","date_gmt":"2022-06-15T06:31:57","guid":{"rendered":"https:\/\/zjarr.tv\/?p=264543"},"modified":"2022-06-15T08:31:57","modified_gmt":"2022-06-15T06:31:57","slug":"rudina-hajdari-me-profesion-te-ri-pyet-ndjekesit-a-me-shkon","status":"publish","type":"post","link":"https:\/\/zjarr.tv\/sq\/rudina-hajdari-me-profesion-te-ri-pyet-ndjekesit-a-me-shkon\/","title":{"rendered":"Rudina Hajdari me \u201cprofesion\u201d t\u00eb ri, pyet ndjek\u00ebsit: A m\u00eb shkon?"},"content":{"rendered":"<p>Ish-deputetja Rudina Hajdari, mesa duket ka zgjedhur nj\u00eb \u201cprofesion\u201d t\u00eb ri.  Ajo ka publikuar disa foto n\u00eb Story, ku  shfaqet e veshur me uniform\u00ebn e kamarieres.<\/p>\n<p>N\u00eb nj\u00eb nga fotot ajo pyet ndjek\u00ebsit n\u00ebse i shkon nj\u00eb profesion i till\u00eb.<\/p>\n<p> \u201cNj\u00eb kujtim nga dita e pun\u00ebs si kameriere. Si ju duket? M\u00eb shkon?\u201d, ka shkruar ajo, teksa ka zbuluar edhe lokacionin e barit ku jan\u00eb b\u00ebr\u00eb fotot, n\u00eb Velipoj\u00eb.<\/p>\n<p>Nd\u00ebrsa n\u00eb nj\u00eb tjet\u00ebr foto, Hajdari \u00ebsht\u00eb shfaqur me aktoren Rudina Drembacaj, t\u00eb cil\u00ebn e ka konsideruar edhe si klienten e preferuar, me t\u00eb cil\u00ebn \u201cqan hallet\u201d lidhur me \u00e7mimet e larta s\u00eb fundmi n\u00eb vendin ton\u00eb.<\/p>\n<p>\u201cDuke qar\u00eb hallet e \u00e7mimeve t\u00eb rritura\u201d, shkruan Rudina Hajdari.<\/p>\n","protected":false},"excerpt":{"rendered":"<p>Ish-deputetja Rudina Hajdari, mesa duket ka zgjedhur nj\u00eb \u201cprofesion\u201d t\u00eb ri. Ajo ka publikuar disa foto n\u00eb Story, ku shfaqet e veshur me uniform\u00ebn e kamarieres. N\u00eb nj\u00eb nga fotot ajo pyet ndjek\u00ebsit n\u00ebse i shkon nj\u00eb profesion i till\u00eb. \u201cNj\u00eb kujtim nga dita e pun\u00ebs si kameriere. Si ju duket? M\u00eb shkon?\u201d, ka shkruar [&hellip;]<\/p>\n","protected":false},"author":2031,"featured_media":264544,"comment_status":"closed","ping_status":"closed","sticky":false,"template":"","format":"standard","meta":{"footnotes":""},"categories":[241,231,235],"tags":[],"class_list":{"0":"post-264543","1":"post","2":"type-post","3":"status-publish","4":"format-standard","5":"has-post-thumbnail","7":"category-aktualitet","8":"category-lajme","9":"category-vendi"},"_links":{"self":[{"href":"https:\/\/zjarr.tv\/sq\/wp-json\/wp\/v2\/posts\/264543","targetHints":{"allow":["GET"]}}],"collection":[{"href":"https:\/\/zjarr.tv\/sq\/wp-json\/wp\/v2\/posts"}],"about":[{"href":"https:\/\/zjarr.tv\/sq\/wp-json\/wp\/v2\/types\/post"}],"author":[{"embeddable":true,"href":"https:\/\/zjarr.tv\/sq\/wp-json\/wp\/v2\/users\/2031"}],"replies":[{"embeddable":true,"href":"https:\/\/zjarr.tv\/sq\/wp-json\/wp\/v2\/comments?post=264543"}],"version-history":[{"count":0,"href":"https:\/\/zjarr.tv\/sq\/wp-json\/wp\/v2\/posts\/264543\/revisions"}],"wp:featuredmedia":[{"embeddable":true,"href":"https:\/\/zjarr.tv\/sq\/wp-json\/wp\/v2\/media\/264544"}],"wp:attachment":[{"href":"https:\/\/zjarr.tv\/sq\/wp-json\/wp\/v2\/media?parent=264543"}],"wp:term":[{"taxonomy":"category","embeddable":true,"href":"https:\/\/zjarr.tv\/sq\/wp-json\/wp\/v2\/categories?post=264543"},{"taxonomy":"post_tag","embeddable":true,"href":"https:\/\/zjarr.tv\/sq\/wp-json\/wp\/v2\/tags?post=264543"}],"curies":[{"name":"wp","href":"https:\/\/api.w.org\/{rel}","templated":true}]}}