{"id":264576,"date":"2022-06-15T11:54:05","date_gmt":"2022-06-15T09:54:05","guid":{"rendered":"https:\/\/zjarr.tv\/?p=264576"},"modified":"2022-06-15T11:54:05","modified_gmt":"2022-06-15T09:54:05","slug":"rama-ne-kiev-vjen-reagimi-nga-pd-kjo-eshte-arsyeja-e-vertete-pse-ka-shkuar","status":"publish","type":"post","link":"https:\/\/zjarr.tv\/sq\/rama-ne-kiev-vjen-reagimi-nga-pd-kjo-eshte-arsyeja-e-vertete-pse-ka-shkuar\/","title":{"rendered":"Rama n\u00eb Kiev, vjen reagimi nga PD: Kjo \u00ebsht\u00eb arsyeja e v\u00ebrtet\u00eb pse ka shkuar"},"content":{"rendered":"<p>Deputeti i Partis\u00eb Demokratike, Edi Paloka, ka reaguar pas vizit\u00ebs s\u00eb kryeministrit Edi Rama n\u00eb Kiev.<\/p>\n<p>P\u00ebrmes nj\u00eb postimi n\u00eb \u201cFacebook\u201d, Paloka thekson se Rama shkoi n\u00eb Kiev vet\u00ebm p\u00ebr sho\u00ebp\u00ebr t\u2019u v\u00ebn\u00eb n\u00eb qend\u00ebr t\u00eb v\u00ebmendjes sipas tij si \u201clider bot\u00ebror\u201d.<\/p>\n<p>P\u00ebr Palok\u00ebn kjo vizit\u00eb e kryeministrit n\u00eb Ukrain\u00eb ka ardhur pasi pa q\u00eb nuk kishte m\u00eb rrezik. Teksa shton se ndon\u00ebse presidenti Volodymyr Zelensky, k\u00ebrkoi q\u00eb turist\u00ebt rus mos lejohen n\u00eb Shqip\u00ebri, n\u00eb portet tona kan\u00eb hyr\u00eb mallra nga Rusia duek thyer k\u00ebshtu embargon nd\u00ebrkomb\u00ebtare.<\/p>\n<p>Reagimi i Palok\u00ebs:<\/p>\n<p>Tipike per Ramen\u2026<\/p>\n<p>Shkon ne Kiev vetem per sho\u00eb, per tu vene pak ne qender te vemendjes si \u201clider boteror\u201d (pasi pa qe ukrainasit ne Kiev, kishin dale ne plazh buze lumit dhe nuk kishte asnje rrezik). Nderkohe vlera praktike per Ukrainen e kesaj vizite eshte zero, aq sa eshte vlera reale e Rames ne arenen nderkombetare. Ne fakt nje kerkese te thjeshte qe beri Zelensky ne fjalen e tij para Parlamentit, per te mos pranuar kete vit turiste rus ne Shqiperi, Rama e hodhi poshte e jo vetem kaq, po ne portet tona kane hyre dhe mallra nga Rusia duke thyer embargon nderkombetare.<\/p>\n<p>Efekti real i kesaj vizite eshte qe Rama do hapet pak ne qillota se gjoja mori guximin te shkonte ne Kiev ne mes te luftes dhe kjo po ju kushton shqiptareve disa qindra mije euro\u2026<\/p>\n","protected":false},"excerpt":{"rendered":"<p>Deputeti i Partis\u00eb Demokratike, Edi Paloka, ka reaguar pas vizit\u00ebs s\u00eb kryeministrit Edi Rama n\u00eb Kiev. P\u00ebrmes nj\u00eb postimi n\u00eb \u201cFacebook\u201d, Paloka thekson se Rama shkoi n\u00eb Kiev vet\u00ebm p\u00ebr sho\u00ebp\u00ebr t\u2019u v\u00ebn\u00eb n\u00eb qend\u00ebr t\u00eb v\u00ebmendjes sipas tij si \u201clider bot\u00ebror\u201d. P\u00ebr Palok\u00ebn kjo vizit\u00eb e kryeministrit n\u00eb Ukrain\u00eb ka ardhur pasi pa q\u00eb [&hellip;]<\/p>\n","protected":false},"author":2020,"featured_media":158716,"comment_status":"closed","ping_status":"closed","sticky":false,"template":"","format":"standard","meta":{"footnotes":""},"categories":[241,5380,231],"tags":[],"class_list":{"0":"post-264576","1":"post","2":"type-post","3":"status-publish","4":"format-standard","5":"has-post-thumbnail","7":"category-aktualitet","8":"category-kryesore","9":"category-lajme"},"_links":{"self":[{"href":"https:\/\/zjarr.tv\/sq\/wp-json\/wp\/v2\/posts\/264576","targetHints":{"allow":["GET"]}}],"collection":[{"href":"https:\/\/zjarr.tv\/sq\/wp-json\/wp\/v2\/posts"}],"about":[{"href":"https:\/\/zjarr.tv\/sq\/wp-json\/wp\/v2\/types\/post"}],"author":[{"embeddable":true,"href":"https:\/\/zjarr.tv\/sq\/wp-json\/wp\/v2\/users\/2020"}],"replies":[{"embeddable":true,"href":"https:\/\/zjarr.tv\/sq\/wp-json\/wp\/v2\/comments?post=264576"}],"version-history":[{"count":0,"href":"https:\/\/zjarr.tv\/sq\/wp-json\/wp\/v2\/posts\/264576\/revisions"}],"wp:featuredmedia":[{"embeddable":true,"href":"https:\/\/zjarr.tv\/sq\/wp-json\/wp\/v2\/media\/158716"}],"wp:attachment":[{"href":"https:\/\/zjarr.tv\/sq\/wp-json\/wp\/v2\/media?parent=264576"}],"wp:term":[{"taxonomy":"category","embeddable":true,"href":"https:\/\/zjarr.tv\/sq\/wp-json\/wp\/v2\/categories?post=264576"},{"taxonomy":"post_tag","embeddable":true,"href":"https:\/\/zjarr.tv\/sq\/wp-json\/wp\/v2\/tags?post=264576"}],"curies":[{"name":"wp","href":"https:\/\/api.w.org\/{rel}","templated":true}]}}