{"id":264578,"date":"2022-06-15T12:01:34","date_gmt":"2022-06-15T10:01:34","guid":{"rendered":"https:\/\/zjarr.tv\/?p=264578"},"modified":"2022-06-15T12:01:34","modified_gmt":"2022-06-15T10:01:34","slug":"monologu-i-forte-i-gjergj-luces-70-e-politikaneve-te-majte-e-te-djathte-jane-te-korruptuar-gjejne-gjuhen-edhe-me-djallin-per-te-shtuar-pasurite","status":"publish","type":"post","link":"https:\/\/zjarr.tv\/sq\/monologu-i-forte-i-gjergj-luces-70-e-politikaneve-te-majte-e-te-djathte-jane-te-korruptuar-gjejne-gjuhen-edhe-me-djallin-per-te-shtuar-pasurite\/","title":{"rendered":"Monologu i fort\u00eb i Gjergj Luc\u00ebs: 70% e politikan\u00ebve t\u00eb majt\u00eb e t\u00eb djatht\u00eb jan\u00eb t\u00eb korruptuar! Gjejn\u00eb gjuh\u00ebn edhe me djallin p\u00ebr t\u00eb shtuar pasurit\u00eb"},"content":{"rendered":"<p>Sip\u00ebrmarr\u00ebsi Gjergj Luca thot\u00eb se pjesa m\u00eb e madhe e politikan\u00ebve n\u00eb Ballkan jan\u00eb t\u00eb korruptuar. Jan\u00eb nj\u00eb pjes\u00eb e vog\u00ebl e tyre, thekson ai, q\u00eb duan t\u00eb b\u00ebhen lider dhe ata p\u00ebrfshijn\u00eb politikan\u00ebt q\u00eb thon\u00eb t\u00eb v\u00ebrtet\u00ebn p\u00ebrmes pun\u00ebs s\u00eb tyre.<\/p>\n<p>\u201c60% p\u00ebr mos me ekzagjeru 70%, jan\u00eb t\u00eb korruptuar nga t\u00eb gjitha an\u00ebt. T\u00eb majt\u00eb, t\u00eb djatht\u00eb, lart, posht\u00eb. Jan\u00eb njer\u00ebzit q\u00eb gjejn\u00eb gjuh\u00ebn me djallin p\u00ebr t\u00eb shtu pasurit\u00eb e veta, ata q\u00eb jan\u00eb n\u00eb pushtet, p\u00ebr t\u00eb shtu pasurit\u00eb e veta ata q\u00eb duan t\u00eb vijn\u00eb n\u00eb pushtet\u201d, u shpreh sip\u00ebrmarr\u00ebsi.<br \/>\nI ftuar n\u00eb emisionin \u201cPolitikON\u201d, Gjergj Luca b\u00ebri nj\u00eb monolog t\u00eb shkurt\u00ebr politik\u00ebn n\u00eb vendet tona, n\u00eb Ballkanin Per\u00ebndimor. Ai u ndal dhe te nisma e Ballkanit t\u00eb Hapur, p\u00ebr t\u00eb cil\u00ebn tha se ajo \u00ebsht\u00eb nj\u00eb nism\u00eb q\u00eb do shp\u00ebtoj\u00eb ekonomit\u00eb e vendeve.<\/p>\n<p>\u201cNjer\u00ebzit q\u00eb nuk marrin pjes\u00eb n\u00eb k\u00ebt\u00eb nism\u00eb (Ballkani i Hapur) q\u00eb \u00ebsht\u00eb nj\u00eb nism\u00eb p\u00ebr t\u00eb shp\u00ebtu t\u00eb gjith\u00eb ekonomin\u00eb e Ballkanit, p\u00ebr mua jan\u00eb njer\u00ebz demagog\u00eb q\u00eb duan t\u00eb sundojn\u00eb politikisht mbi plag\u00ebt e njer\u00ebzve, nga hallet dhe sikletet e ndryshme t\u00eb Ballkanit q\u00eb kan\u00eb pas\u201d, vijoi ai.<\/p>\n<p>Monologu i plot\u00eb i sip\u00ebrmarr\u00ebsit Gjergj Luca:<\/p>\n<p>Un\u00eb mendoj q\u00eb n\u00eb pjes\u00ebn e Ballkanit politikan\u00ebt jan\u00eb ndar\u00eb n\u00eb tre grupe kryesore dhe jan\u00eb t\u00eb gjith\u00eb nj\u00ebsoj. 60% p\u00ebr mos me ekzagjeru 70%, jan\u00eb t\u00eb korruptuar nga t\u00eb gjitha an\u00ebt. T\u00eb majt\u00eb, t\u00eb djatht\u00eb, lart, posht\u00eb. Jan\u00eb njer\u00ebzit q\u00eb gjejn\u00eb gjuh\u00ebn me djallin p\u00ebr t\u00eb shtu pasurit\u00eb e veta, ata q\u00eb jan\u00eb n\u00eb pushtet, p\u00ebr t\u00eb shtu pasurit\u00eb e veta ata q\u00eb duan t\u00eb vijn\u00eb n\u00eb pushtet.<\/p>\n<p>Pjesa tjet\u00ebr nuk i intereson fare as ekonomia dhe as vendi, po i intereson t\u00eb peshkoj\u00eb n\u00ebp\u00ebr uj\u00ebra t\u00eb turbullta. Nj\u00eb pjes\u00eb tjet\u00ebr, nja 20% n\u00ebp\u00ebr partit\u00eb politike t\u00eb Ballkanit, jan\u00eb njer\u00ebz q\u00eb s\u2019din\u00eb \u00e7a jan\u00eb. Kan\u00eb marr\u00eb kan\u00eb v\u00ebn\u00eb gurin te partia si te radha e qum\u00ebshtit, presin momentin me ec p\u00ebrpara p\u00ebr t\u00eb kap\u00eb ndonj\u00eb pozicion, pastaj do shikohet nga do marrin.<\/p>\n<p>Nj\u00eb 10% ose 15% jan\u00eb njer\u00ebz q\u00eb partit\u00eb kan\u00eb b\u00ebr\u00eb nj\u00eb tentativ\u00eb, p\u00ebr mua shum\u00eb t\u00eb mir\u00eb, q\u00eb kan\u00eb marr\u00eb njer\u00ebz nga shoq\u00ebria civile, specialist, si puna e profesorit (i drejtohet Ardian Civicit), q\u00eb m\u00eb vjen keq q\u00eb nuk e shoh k\u00ebt\u00eb burr\u00eb n\u00eb qeveri p\u00ebr ekonomin\u00eb. Ata njer\u00ebz jan\u00eb apolitik\u00eb dhe jan\u00eb m\u00eb t\u00eb sakt\u00ebt n\u00eb gjith\u00eb administrat\u00ebn e Ballkanit, por p\u00ebrball\u00eb kan\u00eb administrat\u00ebn, q\u00eb p\u00ebr mua l\u00eb shum\u00eb p\u00ebr t\u00eb d\u00ebshiruar se \u00ebsht\u00eb e shkat\u00ebrruar nga korrupsioni.<\/p>\n<p>Tani dalim te ajo p\u00ebrqindja e vog\u00ebl e politikan\u00ebve q\u00eb duan t\u00eb b\u00ebhen lider. Jan\u00eb t\u00eb ndar\u00eb p\u00ebr mua n\u00eb dy pozicione, nj\u00eb pozicion i politikan\u00ebve q\u00eb thon\u00eb t\u00eb v\u00ebrtet\u00ebn n\u00ebp\u00ebrmjet pun\u00ebs dhe puna e tyre \u00ebsht\u00eb ekonomia. Nj\u00eb grupim tjet\u00ebr \u00ebsht\u00eb i politikan\u00ebve q\u00eb duan t\u00eb komandojn\u00eb duke pasur si motiv baz\u00eb demagogjin\u00eb. Njer\u00ebzit q\u00eb na d\u00ebgjojn\u00eb le t\u2019i p\u00ebrkthejn\u00eb fjal\u00ebt e mia.<\/p>\n<p>Njer\u00ebzit q\u00eb nuk marrin pjes\u00eb n\u00eb k\u00ebt\u00eb nism\u00eb (Ballkani i Hapur) q\u00eb \u00ebsht\u00eb nj\u00eb nism\u00eb p\u00ebr t\u00eb shp\u00ebtu t\u00eb gjith\u00eb ekonomin\u00eb e Ballkanit, p\u00ebr mua jan\u00eb njer\u00ebz demagog\u00eb q\u00eb duan t\u00eb sundojn\u00eb politikisht mbi plag\u00ebt e njer\u00ebzve, nga hallet dhe sikletet e ndryshme t\u00eb Ballkanit q\u00eb kan\u00eb pas. P\u00ebr mua k\u00ebta njer\u00ebz nuk kan\u00eb p\u00ebr t\u2019u bo asnj\u00ebher\u00eb lider, n\u00ebse nuk kuptojn\u00eb q\u00eb historia e luft\u00ebs \u00ebsht\u00eb mbyll n\u00eb ish-Jugosllavi.<\/p>\n<p>Sot, \u00ebsht\u00eb historia e ekonomis\u00eb. Kush fiton betej\u00ebn me ekonomin\u00eb \u00ebsht\u00eb lideri i popullit t\u00eb vet\u00eb.<\/p>\n","protected":false},"excerpt":{"rendered":"<p>Sip\u00ebrmarr\u00ebsi Gjergj Luca thot\u00eb se pjesa m\u00eb e madhe e politikan\u00ebve n\u00eb Ballkan jan\u00eb t\u00eb korruptuar. Jan\u00eb nj\u00eb pjes\u00eb e vog\u00ebl e tyre, thekson ai, q\u00eb duan t\u00eb b\u00ebhen lider dhe ata p\u00ebrfshijn\u00eb politikan\u00ebt q\u00eb thon\u00eb t\u00eb v\u00ebrtet\u00ebn p\u00ebrmes pun\u00ebs s\u00eb tyre. \u201c60% p\u00ebr mos me ekzagjeru 70%, jan\u00eb t\u00eb korruptuar nga t\u00eb gjitha an\u00ebt. [&hellip;]<\/p>\n","protected":false},"author":2020,"featured_media":264579,"comment_status":"closed","ping_status":"closed","sticky":false,"template":"","format":"standard","meta":{"footnotes":""},"categories":[241,5380,231],"tags":[],"class_list":{"0":"post-264578","1":"post","2":"type-post","3":"status-publish","4":"format-standard","5":"has-post-thumbnail","7":"category-aktualitet","8":"category-kryesore","9":"category-lajme"},"_links":{"self":[{"href":"https:\/\/zjarr.tv\/sq\/wp-json\/wp\/v2\/posts\/264578","targetHints":{"allow":["GET"]}}],"collection":[{"href":"https:\/\/zjarr.tv\/sq\/wp-json\/wp\/v2\/posts"}],"about":[{"href":"https:\/\/zjarr.tv\/sq\/wp-json\/wp\/v2\/types\/post"}],"author":[{"embeddable":true,"href":"https:\/\/zjarr.tv\/sq\/wp-json\/wp\/v2\/users\/2020"}],"replies":[{"embeddable":true,"href":"https:\/\/zjarr.tv\/sq\/wp-json\/wp\/v2\/comments?post=264578"}],"version-history":[{"count":0,"href":"https:\/\/zjarr.tv\/sq\/wp-json\/wp\/v2\/posts\/264578\/revisions"}],"wp:featuredmedia":[{"embeddable":true,"href":"https:\/\/zjarr.tv\/sq\/wp-json\/wp\/v2\/media\/264579"}],"wp:attachment":[{"href":"https:\/\/zjarr.tv\/sq\/wp-json\/wp\/v2\/media?parent=264578"}],"wp:term":[{"taxonomy":"category","embeddable":true,"href":"https:\/\/zjarr.tv\/sq\/wp-json\/wp\/v2\/categories?post=264578"},{"taxonomy":"post_tag","embeddable":true,"href":"https:\/\/zjarr.tv\/sq\/wp-json\/wp\/v2\/tags?post=264578"}],"curies":[{"name":"wp","href":"https:\/\/api.w.org\/{rel}","templated":true}]}}