{"id":264586,"date":"2022-06-15T12:31:32","date_gmt":"2022-06-15T10:31:32","guid":{"rendered":"https:\/\/zjarr.tv\/?p=264586"},"modified":"2022-06-15T12:31:32","modified_gmt":"2022-06-15T10:31:32","slug":"vizita-e-rames-ne-ukraine-berisha-zbulon-pse-rama-nuk-mori-me-vete-ministrat-peleshi-dhe-xhacka","status":"publish","type":"post","link":"https:\/\/zjarr.tv\/sq\/vizita-e-rames-ne-ukraine-berisha-zbulon-pse-rama-nuk-mori-me-vete-ministrat-peleshi-dhe-xhacka\/","title":{"rendered":"Vizita e Ram\u00ebs n\u00eb Ukrain\u00eb, Berisha \u2018zbulon\u2019 pse Rama nuk mori me vete ministrat Peleshi dhe Xha\u00e7ka"},"content":{"rendered":"<p>Kreu i PD-s\u00eb Sali Berisha ka reaguar n\u00eb lidhje me vizit\u00ebn q\u00eb kryeministri Edi Rama po kryen sot n\u00eb Ukrain\u00ebn e shkat\u00ebrruar nga lufta.<\/p>\n<p>Berisha shprehet se politika e jashtme e Ram\u00ebs \u00ebsht\u00eb me dy fytyra, ku n\u00eb nj\u00ebr\u00ebn an\u00eb shpreh solidaritetin me Ukrain\u00ebn, dhe nga ana tjet\u00ebr vazhdon q\u00eb t\u00eb pranoj\u00eb rus\u00ebt me viza turistike n\u00eb Shqip\u00ebri.<\/p>\n<p>Berisha shkruan dhe mbi munges\u00ebn e dy ministrave t\u00eb mbrojtjes dhe t\u00eb jashtme, q\u00eb jan\u00eb p\u00ebrjashtuar sipas tij nga kjo vizit\u00eb nga vet\u00eb Rama. Kreu i PD, z. Sali Berisha: Pse Rama perjashtoi nga udhetimi ne Ukraine, Peleshin e mbrojtjes dhe Xha\u00e7ken e te jashtmes!<\/p>\n<p>Te dashur miq, Rama shkoi ne Ukraine i shoqeruar vetem nga Baton Stanishiq, Arben Malavita dhe Elisa e Skederbu\u00e7it.<\/p>\n<p>Nga udhetimi u perjashtuan ministri i mbrojtjes Peleshi dhe e jashtmia Xha\u00e7ka. Udhetimi i ketyre te fundit u refuzua nga vete Rama. Kjo, sepse ai e dinte se ne bisedime Presidenti\u00a0 Zelenski do ti ngrinte Rames \u00e7eshtjen e qendrimit te tij te dyfishte ndaj agresionit rus kunder Ukraines.<\/p>\n<p>Dihet se Shqiperia nga njera ane ka denoncuar agresionin rus ndaj Ukraines dhe zbatuar sanksionet ndaj Rusise, por nga ana tjeter, Edi Rama pranon turistet rus vrases, perdhunues dhe pengmarres ne luften ne Ukraine, te cilet vijne nga Beogradi ne Shqiperi per pushime dhe energji te reja per tu kthyer me pas ne front dhe vazhduar genocidin e krimet kunder njerezimit, kunder qytetareve te Ukraines.<\/p>\n<p>Perve\u00e7 kesaj, Rama, ne shkelje te sanksioneve, ka lejuar ankorime misterioze te anijeve ruse ne portet tona. Keto bisedime nuk mund ti degjonin Peleshi dhe Xha\u00e7ka, sepse pa u kthyer ne Shqiperi, gojet e tyre qe nuk mbyllen kurre, do te zbardhnin \u00e7do gje.<\/p>\n<p>Duke perfunduar, denoj me ashpersine me te madhe politiken dy-fytyreshe te Edi Rames ndaj Ukraines dhe kerkoj qe kjo politike te marre fund menjehere. sb<\/p>\n","protected":false},"excerpt":{"rendered":"<p>Kreu i PD-s\u00eb Sali Berisha ka reaguar n\u00eb lidhje me vizit\u00ebn q\u00eb kryeministri Edi Rama po kryen sot n\u00eb Ukrain\u00ebn e shkat\u00ebrruar nga lufta. Berisha shprehet se politika e jashtme e Ram\u00ebs \u00ebsht\u00eb me dy fytyra, ku n\u00eb nj\u00ebr\u00ebn an\u00eb shpreh solidaritetin me Ukrain\u00ebn, dhe nga ana tjet\u00ebr vazhdon q\u00eb t\u00eb pranoj\u00eb rus\u00ebt me viza [&hellip;]<\/p>\n","protected":false},"author":2020,"featured_media":264588,"comment_status":"closed","ping_status":"closed","sticky":false,"template":"","format":"standard","meta":{"footnotes":""},"categories":[241,5380,231],"tags":[],"class_list":{"0":"post-264586","1":"post","2":"type-post","3":"status-publish","4":"format-standard","5":"has-post-thumbnail","7":"category-aktualitet","8":"category-kryesore","9":"category-lajme"},"_links":{"self":[{"href":"https:\/\/zjarr.tv\/sq\/wp-json\/wp\/v2\/posts\/264586","targetHints":{"allow":["GET"]}}],"collection":[{"href":"https:\/\/zjarr.tv\/sq\/wp-json\/wp\/v2\/posts"}],"about":[{"href":"https:\/\/zjarr.tv\/sq\/wp-json\/wp\/v2\/types\/post"}],"author":[{"embeddable":true,"href":"https:\/\/zjarr.tv\/sq\/wp-json\/wp\/v2\/users\/2020"}],"replies":[{"embeddable":true,"href":"https:\/\/zjarr.tv\/sq\/wp-json\/wp\/v2\/comments?post=264586"}],"version-history":[{"count":0,"href":"https:\/\/zjarr.tv\/sq\/wp-json\/wp\/v2\/posts\/264586\/revisions"}],"wp:featuredmedia":[{"embeddable":true,"href":"https:\/\/zjarr.tv\/sq\/wp-json\/wp\/v2\/media\/264588"}],"wp:attachment":[{"href":"https:\/\/zjarr.tv\/sq\/wp-json\/wp\/v2\/media?parent=264586"}],"wp:term":[{"taxonomy":"category","embeddable":true,"href":"https:\/\/zjarr.tv\/sq\/wp-json\/wp\/v2\/categories?post=264586"},{"taxonomy":"post_tag","embeddable":true,"href":"https:\/\/zjarr.tv\/sq\/wp-json\/wp\/v2\/tags?post=264586"}],"curies":[{"name":"wp","href":"https:\/\/api.w.org\/{rel}","templated":true}]}}