{"id":264591,"date":"2022-06-15T12:34:09","date_gmt":"2022-06-15T10:34:09","guid":{"rendered":"https:\/\/zjarr.tv\/?p=264591"},"modified":"2022-06-15T12:34:09","modified_gmt":"2022-06-15T10:34:09","slug":"xhixho-rritja-e-cmimeve-ua-ka-shtrenguar-akoma-me-shume-lakun-ne-fyt-familjeve-shqiptare","status":"publish","type":"post","link":"https:\/\/zjarr.tv\/sq\/xhixho-rritja-e-cmimeve-ua-ka-shtrenguar-akoma-me-shume-lakun-ne-fyt-familjeve-shqiptare\/","title":{"rendered":"Xhixho: Rritja e \u00e7mimeve ua ka shtr\u00ebnguar akoma m\u00eb shum\u00eb lakun n\u00eb fyt familjeve shqiptare"},"content":{"rendered":"<p>Nga Erisa Xhixho<\/p>\n<p>Rritja e \u00e7mimeve ua ka shtr\u00ebnguar akoma m\u00eb shum\u00eb lakun n\u00eb fyt familjeve shqiptare q\u00eb jetojn\u00eb n\u00eb kufirin e varf\u00ebris\u00eb.<\/p>\n<p>Nga jugu n\u00eb veri t\u00eb vendit, situata \u00ebsht\u00eb e nj\u00ebjt\u00eb: prind\u00ebr n\u00eb pamund\u00ebsi p\u00ebr t\u00eb p\u00ebrmbushur nevojat baz\u00eb t\u00eb familjes dhe f\u00ebmij\u00eb q\u00eb \u00ebnd\u00ebrrojn\u00eb largimin nga vendi q\u00eb n\u00eb mosh\u00eb t\u00eb hershme.<\/p>\n<p>N\u00eb dyqanet e lagjeve, listat e borxheve sa vijn\u00eb e zgjaten. Kriza e \u00e7mimeve e ka thelluar varf\u00ebrin\u00eb e shqiptar\u00ebve n\u00eb \u00e7do zon\u00eb t\u00eb vendit. Me nj\u00eb qeveri q\u00eb qytetarin e thjesht\u00eb e ka t\u00eb fundit n\u00eb list\u00ebn e prioriteteve, shqiptar\u00ebt i kan\u00eb syt\u00eb t\u00eb gjith\u00eb nga emigrimi.<\/p>\n<p>D\u00ebgjojeni mjerimin si flet me z\u00ebrin e qindra qytetar\u00ebve, t\u00eb cil\u00ebt e nisin dit\u00ebn me lutjen p\u00ebr t\u2019ua shkruar emrin n\u00eb list\u00ebn e borxheve. Shikojini zona t\u00eb t\u00ebra si jan\u00eb shkretuar pas largimit t\u00eb t\u00eb rinjve q\u00eb nuk shohin m\u00eb shpres\u00eb n\u00eb vendin e tyre.<\/p>\n","protected":false},"excerpt":{"rendered":"<p>Nga Erisa Xhixho Rritja e \u00e7mimeve ua ka shtr\u00ebnguar akoma m\u00eb shum\u00eb lakun n\u00eb fyt familjeve shqiptare q\u00eb jetojn\u00eb n\u00eb kufirin e varf\u00ebris\u00eb. Nga jugu n\u00eb veri t\u00eb vendit, situata \u00ebsht\u00eb e nj\u00ebjt\u00eb: prind\u00ebr n\u00eb pamund\u00ebsi p\u00ebr t\u00eb p\u00ebrmbushur nevojat baz\u00eb t\u00eb familjes dhe f\u00ebmij\u00eb q\u00eb \u00ebnd\u00ebrrojn\u00eb largimin nga vendi q\u00eb n\u00eb mosh\u00eb t\u00eb hershme. [&hellip;]<\/p>\n","protected":false},"author":2020,"featured_media":264592,"comment_status":"closed","ping_status":"closed","sticky":false,"template":"","format":"standard","meta":{"footnotes":""},"categories":[241,5380,231],"tags":[],"class_list":{"0":"post-264591","1":"post","2":"type-post","3":"status-publish","4":"format-standard","5":"has-post-thumbnail","7":"category-aktualitet","8":"category-kryesore","9":"category-lajme"},"_links":{"self":[{"href":"https:\/\/zjarr.tv\/sq\/wp-json\/wp\/v2\/posts\/264591","targetHints":{"allow":["GET"]}}],"collection":[{"href":"https:\/\/zjarr.tv\/sq\/wp-json\/wp\/v2\/posts"}],"about":[{"href":"https:\/\/zjarr.tv\/sq\/wp-json\/wp\/v2\/types\/post"}],"author":[{"embeddable":true,"href":"https:\/\/zjarr.tv\/sq\/wp-json\/wp\/v2\/users\/2020"}],"replies":[{"embeddable":true,"href":"https:\/\/zjarr.tv\/sq\/wp-json\/wp\/v2\/comments?post=264591"}],"version-history":[{"count":0,"href":"https:\/\/zjarr.tv\/sq\/wp-json\/wp\/v2\/posts\/264591\/revisions"}],"wp:featuredmedia":[{"embeddable":true,"href":"https:\/\/zjarr.tv\/sq\/wp-json\/wp\/v2\/media\/264592"}],"wp:attachment":[{"href":"https:\/\/zjarr.tv\/sq\/wp-json\/wp\/v2\/media?parent=264591"}],"wp:term":[{"taxonomy":"category","embeddable":true,"href":"https:\/\/zjarr.tv\/sq\/wp-json\/wp\/v2\/categories?post=264591"},{"taxonomy":"post_tag","embeddable":true,"href":"https:\/\/zjarr.tv\/sq\/wp-json\/wp\/v2\/tags?post=264591"}],"curies":[{"name":"wp","href":"https:\/\/api.w.org\/{rel}","templated":true}]}}