{"id":264597,"date":"2022-06-15T12:45:50","date_gmt":"2022-06-15T10:45:50","guid":{"rendered":"https:\/\/zjarr.tv\/?p=264597"},"modified":"2022-06-15T12:47:03","modified_gmt":"2022-06-15T10:47:03","slug":"hapet-hetim-pasurie-ndaj-kryeministrit-albin-kurti-ja-arsyeja","status":"publish","type":"post","link":"https:\/\/zjarr.tv\/sq\/hapet-hetim-pasurie-ndaj-kryeministrit-albin-kurti-ja-arsyeja\/","title":{"rendered":"Hapet hetim pasurie ndaj kryeministrit Albin Kurti, ja arsyeja"},"content":{"rendered":"<p>Kryeministri t\u00eb Kosov\u00ebs, Albin Kurti, do t\u2019i hetohet pasuria n\u00eb m\u00ebnyr\u00eb t\u00eb plot\u00eb. Kjo pasi, Agjencia Kund\u00ebr Korrupsionit ka b\u00ebr\u00eb hedhjen e shortit p\u00ebr p\u00ebrzgjedhjen e 20 p\u00ebr qind t\u00eb zyrtar\u00ebve q\u00eb jan\u00eb subjekt i deklarimit vjetor t\u00eb pasuris\u00eb.<\/p>\n<p>N\u00eb pajtim me Ligjin p\u00ebr Deklarim, prejardhjen dhe kontrollin e pasuris\u00eb dhe deklarimin, prejardhjen dhe kontrollin e dhuratave, Agjencia kund\u00ebr Korrupsionit dje ka publikuar deklarimin e pasuris\u00eb p\u00ebr zyrtar\u00ebt e lart\u00eb publik p\u00ebr vitin 2021.<\/p>\n<p>E n\u00eb k\u00ebt\u00eb deklarim t\u00eb kryeministrit Kurti \u00ebsht\u00eb theksuar se n\u00eb xhirollogarin\u00eb e tij bankare ka vet\u00ebm 400 euro.<\/p>\n<p>Por n\u00eb t\u00eb nj\u00ebjt\u00ebn koh\u00eb n\u00eb k\u00ebt\u00eb deklarim thuhet se bashk\u00ebshortja e Kurtit ka edhe borxhe.<\/p>\n<p>E nj\u00ebjta ka nj\u00eb kredi n\u00eb vler\u00eb 290 mij\u00eb euro, t\u00eb cil\u00ebn e ka n\u00eb koh\u00ebzgjatje prej 25 vitesh, e q\u00eb thuhet ta ket\u00eb marr\u00eb p\u00ebr blerjen e apartamentit.<\/p>\n<p>Nd\u00ebrkoh\u00eb, Kurti ka deklaruar qiran\u00eb e sht\u00ebpis\u00eb n\u00eb vler\u00eb 250 euro, p\u00ebr tri vite.\/lajmi.net<\/p>\n","protected":false},"excerpt":{"rendered":"<p>Kryeministri t\u00eb Kosov\u00ebs, Albin Kurti, do t\u2019i hetohet pasuria n\u00eb m\u00ebnyr\u00eb t\u00eb plot\u00eb. Kjo pasi, Agjencia Kund\u00ebr Korrupsionit ka b\u00ebr\u00eb hedhjen e shortit p\u00ebr p\u00ebrzgjedhjen e 20 p\u00ebr qind t\u00eb zyrtar\u00ebve q\u00eb jan\u00eb subjekt i deklarimit vjetor t\u00eb pasuris\u00eb. N\u00eb pajtim me Ligjin p\u00ebr Deklarim, prejardhjen dhe kontrollin e pasuris\u00eb dhe deklarimin, prejardhjen dhe kontrollin [&hellip;]<\/p>\n","protected":false},"author":2020,"featured_media":121215,"comment_status":"closed","ping_status":"closed","sticky":false,"template":"","format":"standard","meta":{"footnotes":""},"categories":[241,5380,231],"tags":[],"class_list":{"0":"post-264597","1":"post","2":"type-post","3":"status-publish","4":"format-standard","5":"has-post-thumbnail","7":"category-aktualitet","8":"category-kryesore","9":"category-lajme"},"_links":{"self":[{"href":"https:\/\/zjarr.tv\/sq\/wp-json\/wp\/v2\/posts\/264597","targetHints":{"allow":["GET"]}}],"collection":[{"href":"https:\/\/zjarr.tv\/sq\/wp-json\/wp\/v2\/posts"}],"about":[{"href":"https:\/\/zjarr.tv\/sq\/wp-json\/wp\/v2\/types\/post"}],"author":[{"embeddable":true,"href":"https:\/\/zjarr.tv\/sq\/wp-json\/wp\/v2\/users\/2020"}],"replies":[{"embeddable":true,"href":"https:\/\/zjarr.tv\/sq\/wp-json\/wp\/v2\/comments?post=264597"}],"version-history":[{"count":0,"href":"https:\/\/zjarr.tv\/sq\/wp-json\/wp\/v2\/posts\/264597\/revisions"}],"wp:featuredmedia":[{"embeddable":true,"href":"https:\/\/zjarr.tv\/sq\/wp-json\/wp\/v2\/media\/121215"}],"wp:attachment":[{"href":"https:\/\/zjarr.tv\/sq\/wp-json\/wp\/v2\/media?parent=264597"}],"wp:term":[{"taxonomy":"category","embeddable":true,"href":"https:\/\/zjarr.tv\/sq\/wp-json\/wp\/v2\/categories?post=264597"},{"taxonomy":"post_tag","embeddable":true,"href":"https:\/\/zjarr.tv\/sq\/wp-json\/wp\/v2\/tags?post=264597"}],"curies":[{"name":"wp","href":"https:\/\/api.w.org\/{rel}","templated":true}]}}