{"id":264620,"date":"2022-06-15T14:08:57","date_gmt":"2022-06-15T12:08:57","guid":{"rendered":"https:\/\/zjarr.tv\/?p=264620"},"modified":"2022-06-15T14:08:57","modified_gmt":"2022-06-15T12:08:57","slug":"braimllari-bujqesia-duhet-te-marri-rendesi-strategjike-kombetare-dhe-jo-nje-sektor-klientelist-ne-sherbim-te-rilindjes","status":"publish","type":"post","link":"https:\/\/zjarr.tv\/sq\/braimllari-bujqesia-duhet-te-marri-rendesi-strategjike-kombetare-dhe-jo-nje-sektor-klientelist-ne-sherbim-te-rilindjes\/","title":{"rendered":"Braimllari: Bujq\u00ebsia duhet t\u00eb marri r\u00ebnd\u00ebsi strategjike komb\u00ebtare dhe jo nj\u00eb sektor klientelist n\u00eb sh\u00ebrbim t\u00eb rilindjes"},"content":{"rendered":"<p>Nga Endrit Braimllari\/<\/p>\n<p>Banoret e Dvoranit te Kor\u00e7es protestojne per mungesen e perkrahjes se qeverise per produktet bujqesore.<\/p>\n<p>\u00c7mimet e larta te inputeve bujqesore, mungesa e tregut, mungesa e subvencioneve ne bujqesi, mungesa e subvencionimit te karburantit apo dhe ne ato pak raste subvencionim klienteliste qe nuk i sherben fermerit, taksat e larta dhe mos mbeshtetjen e fermerit vendas kane \u00e7uar ne falimentimin e mundit te fermerit.<\/p>\n<p>Qeveria Rama ne fokus ka importin dhe jo mbeshtetjen e fermerit vendas.<\/p>\n<p>Fermeri vendas duhet te subvencionohet drejteperdrejte.<\/p>\n<p>Subvencionim per \u00e7mimim e inputeve bujqesore.<\/p>\n<p>Subvencion per karburantin, krijimin e shanseve dhe mundesive per tregun vendas me qellim qe te shiten produktet Made in Albania.<\/p>\n<p>Bujqesia duhet te marri rendesi strategjike kombetare dhe jo nje sektor klientelist ne sherbim te rilindjes.<\/p>\n","protected":false},"excerpt":{"rendered":"<p>Nga Endrit Braimllari\/ Banoret e Dvoranit te Kor\u00e7es protestojne per mungesen e perkrahjes se qeverise per produktet bujqesore. \u00c7mimet e larta te inputeve bujqesore, mungesa e tregut, mungesa e subvencioneve ne bujqesi, mungesa e subvencionimit te karburantit apo dhe ne ato pak raste subvencionim klienteliste qe nuk i sherben fermerit, taksat e larta dhe mos [&hellip;]<\/p>\n","protected":false},"author":2020,"featured_media":264621,"comment_status":"closed","ping_status":"closed","sticky":false,"template":"","format":"standard","meta":{"footnotes":""},"categories":[241,5380,231],"tags":[],"class_list":{"0":"post-264620","1":"post","2":"type-post","3":"status-publish","4":"format-standard","5":"has-post-thumbnail","7":"category-aktualitet","8":"category-kryesore","9":"category-lajme"},"_links":{"self":[{"href":"https:\/\/zjarr.tv\/sq\/wp-json\/wp\/v2\/posts\/264620","targetHints":{"allow":["GET"]}}],"collection":[{"href":"https:\/\/zjarr.tv\/sq\/wp-json\/wp\/v2\/posts"}],"about":[{"href":"https:\/\/zjarr.tv\/sq\/wp-json\/wp\/v2\/types\/post"}],"author":[{"embeddable":true,"href":"https:\/\/zjarr.tv\/sq\/wp-json\/wp\/v2\/users\/2020"}],"replies":[{"embeddable":true,"href":"https:\/\/zjarr.tv\/sq\/wp-json\/wp\/v2\/comments?post=264620"}],"version-history":[{"count":0,"href":"https:\/\/zjarr.tv\/sq\/wp-json\/wp\/v2\/posts\/264620\/revisions"}],"wp:featuredmedia":[{"embeddable":true,"href":"https:\/\/zjarr.tv\/sq\/wp-json\/wp\/v2\/media\/264621"}],"wp:attachment":[{"href":"https:\/\/zjarr.tv\/sq\/wp-json\/wp\/v2\/media?parent=264620"}],"wp:term":[{"taxonomy":"category","embeddable":true,"href":"https:\/\/zjarr.tv\/sq\/wp-json\/wp\/v2\/categories?post=264620"},{"taxonomy":"post_tag","embeddable":true,"href":"https:\/\/zjarr.tv\/sq\/wp-json\/wp\/v2\/tags?post=264620"}],"curies":[{"name":"wp","href":"https:\/\/api.w.org\/{rel}","templated":true}]}}