{"id":264766,"date":"2022-06-16T12:26:45","date_gmt":"2022-06-16T10:26:45","guid":{"rendered":"https:\/\/zjarr.tv\/?p=264766"},"modified":"2022-06-16T12:26:45","modified_gmt":"2022-06-16T10:26:45","slug":"evi-kokalari-publikon-foton-dhe-i-dergon-mesazhin-publik-kryeministrit-nuk-di-cfare-eshte-me-fyese-o-edi-rama-zelensky-te-ngaterron","status":"publish","type":"post","link":"https:\/\/zjarr.tv\/sq\/evi-kokalari-publikon-foton-dhe-i-dergon-mesazhin-publik-kryeministrit-nuk-di-cfare-eshte-me-fyese-o-edi-rama-zelensky-te-ngaterron\/","title":{"rendered":"Evi Kokalari publikon foton dhe i d\u00ebrgon mesazhin publik kryeministrit: Nuk di \u00e7far\u00eb \u00ebsht\u00eb m\u00eb fyese o Edi Rama, Zelensky t\u00eb ngat\u00ebrron"},"content":{"rendered":"<p>Aktivistja shqiptaro-amerikane Evi Kokalari ka dal\u00eb me nj\u00eb mesazh \u2018thumbues\u2019 n\u00eb rrjetet sociale pas vizit\u00ebs q\u00eb zhvilloi dje n\u00eb Kiev kryeministri Edi Rama.<\/p>\n<p>Zelensky n\u00eb postimin q\u00eb ka b\u00ebr\u00eb n\u00eb rrjetet sociale e ka ngat\u00ebrruar Edi Ram\u00ebn me kryeministrin e Malit t\u00eb zi, Abazovi\u00e7in.<\/p>\n<p>\u201cNuk di \u00e7far\u00eb \u00ebsht\u00eb m\u00eb fyese o Edi Rama, fakti q\u00eb Zelenski t\u00eb ngat\u00ebrron me Abazovi?in apo fakti q\u00eb njeh Spiropalin dhe ty 12 vjet Kryeminist\u00ebr \u2013 JO!\u201d, shkruan Kokalari.<\/p>\n","protected":false},"excerpt":{"rendered":"<p>Aktivistja shqiptaro-amerikane Evi Kokalari ka dal\u00eb me nj\u00eb mesazh \u2018thumbues\u2019 n\u00eb rrjetet sociale pas vizit\u00ebs q\u00eb zhvilloi dje n\u00eb Kiev kryeministri Edi Rama. Zelensky n\u00eb postimin q\u00eb ka b\u00ebr\u00eb n\u00eb rrjetet sociale e ka ngat\u00ebrruar Edi Ram\u00ebn me kryeministrin e Malit t\u00eb zi, Abazovi\u00e7in. \u201cNuk di \u00e7far\u00eb \u00ebsht\u00eb m\u00eb fyese o Edi Rama, fakti q\u00eb [&hellip;]<\/p>\n","protected":false},"author":2020,"featured_media":204795,"comment_status":"closed","ping_status":"closed","sticky":false,"template":"","format":"standard","meta":{"footnotes":""},"categories":[241,5380,231],"tags":[],"class_list":{"0":"post-264766","1":"post","2":"type-post","3":"status-publish","4":"format-standard","5":"has-post-thumbnail","7":"category-aktualitet","8":"category-kryesore","9":"category-lajme"},"_links":{"self":[{"href":"https:\/\/zjarr.tv\/sq\/wp-json\/wp\/v2\/posts\/264766","targetHints":{"allow":["GET"]}}],"collection":[{"href":"https:\/\/zjarr.tv\/sq\/wp-json\/wp\/v2\/posts"}],"about":[{"href":"https:\/\/zjarr.tv\/sq\/wp-json\/wp\/v2\/types\/post"}],"author":[{"embeddable":true,"href":"https:\/\/zjarr.tv\/sq\/wp-json\/wp\/v2\/users\/2020"}],"replies":[{"embeddable":true,"href":"https:\/\/zjarr.tv\/sq\/wp-json\/wp\/v2\/comments?post=264766"}],"version-history":[{"count":0,"href":"https:\/\/zjarr.tv\/sq\/wp-json\/wp\/v2\/posts\/264766\/revisions"}],"wp:featuredmedia":[{"embeddable":true,"href":"https:\/\/zjarr.tv\/sq\/wp-json\/wp\/v2\/media\/204795"}],"wp:attachment":[{"href":"https:\/\/zjarr.tv\/sq\/wp-json\/wp\/v2\/media?parent=264766"}],"wp:term":[{"taxonomy":"category","embeddable":true,"href":"https:\/\/zjarr.tv\/sq\/wp-json\/wp\/v2\/categories?post=264766"},{"taxonomy":"post_tag","embeddable":true,"href":"https:\/\/zjarr.tv\/sq\/wp-json\/wp\/v2\/tags?post=264766"}],"curies":[{"name":"wp","href":"https:\/\/api.w.org\/{rel}","templated":true}]}}