{"id":264768,"date":"2022-06-16T12:30:07","date_gmt":"2022-06-16T10:30:07","guid":{"rendered":"https:\/\/zjarr.tv\/?p=264768"},"modified":"2022-06-16T12:30:07","modified_gmt":"2022-06-16T10:30:07","slug":"arrestohet-egert-vargu-keshilltari-i-erion-veliajt","status":"publish","type":"post","link":"https:\/\/zjarr.tv\/sq\/arrestohet-egert-vargu-keshilltari-i-erion-veliajt\/","title":{"rendered":"Arrestohet Egert Vargu, k\u00ebshilltari i Erion Veliajt"},"content":{"rendered":"<p>Disa dit\u00eb m\u00eb par\u00eb, Egert Vargu ishte pjes\u00ebmarr\u00ebs n\u00eb p\u00ebrvjetorin e dit\u00eblindjes s\u00eb Partis\u00eb Socialiste. Natyrisht, do t\u00eb ket\u00eb gjetur an\u00ebn p\u00ebr t\u00eb siguruar nj\u00eb foto me liderin e madh, Edi Ram\u00ebs, ose edhe me liderin pas tij, Erion Veliajn.<\/p>\n<p>Pas k\u00ebsaj feste, tashm\u00eb djaloshi Vargu \u00ebsht\u00eb n\u00eb prangat e policis\u00eb s\u00eb Durr\u00ebsit, n\u00ebn dyshimet se \u00ebsht\u00eb i p\u00ebrfshir\u00eb n\u00eb trafikun e 45 kilogram\u00eb kokain\u00eb nga Brazili drejt Shqip\u00ebris\u00eb.<\/p>\n<p>Egert Vargu \u00ebsht\u00eb an\u00ebtar i K\u00ebshillit Bashkiak t\u00eb Tiran\u00ebs dhe zyrtari i radh\u00ebs i Partis\u00eb Socialiste i arrestuar p\u00ebr \u00e7\u00ebshtje kokaine. P\u00ebr sasin\u00eb prej 45.5 kg kokain\u00eb t\u00eb kapur n\u00eb Durr\u00ebs, mb\u00ebshtjell\u00eb me figur\u00ebn e filmit t\u00eb animuar \u201cGoku\u201d, jan\u00eb arrestuar administratori i kompanis\u00eb, q\u00eb kishte porositur mishin, 30-vje\u00e7ari nga Kosova, Arben Ferizi, dhe agjenti doganor, Egert Vargu.<\/p>\n<p>39-vje\u00e7ari Egert Vargu, banues n\u00eb Tiran\u00eb, me detyr\u00eb agjent doganor i kontraktuar nga kompania \u201cApetit Group\u201d, rezulton se \u00ebsht\u00eb nj\u00ebkoh\u00ebsisht edhe an\u00ebtar i PS n\u00eb k\u00ebshillin bashkiak n\u00eb Bashkin\u00eb e Tiran\u00ebs.<\/p>\n<p>N\u00eb faqen zyrtare t\u00eb Bashkis\u00eb s\u00eb Tiran\u00ebs, Vargu rezulton k\u00ebshilltar n\u00eb k\u00ebshillin bashkiak, si dhe an\u00ebtar i Komisionit t\u00eb Financ\u00ebs dhe Buxhetit.<\/p>\n<p>N\u00eb profilin e tij n\u00eb \u201cFacebook\u201d, Egert Vargu ka postuar nj\u00eb foto t\u00eb agjencis\u00eb \u201cAG Shpk\u201d, e cila \u00ebsht\u00eb n\u00eb emrin e bashk\u00ebshortes s\u00eb tij.<\/p>\n","protected":false},"excerpt":{"rendered":"<p>Disa dit\u00eb m\u00eb par\u00eb, Egert Vargu ishte pjes\u00ebmarr\u00ebs n\u00eb p\u00ebrvjetorin e dit\u00eblindjes s\u00eb Partis\u00eb Socialiste. Natyrisht, do t\u00eb ket\u00eb gjetur an\u00ebn p\u00ebr t\u00eb siguruar nj\u00eb foto me liderin e madh, Edi Ram\u00ebs, ose edhe me liderin pas tij, Erion Veliajn. Pas k\u00ebsaj feste, tashm\u00eb djaloshi Vargu \u00ebsht\u00eb n\u00eb prangat e policis\u00eb s\u00eb Durr\u00ebsit, n\u00ebn dyshimet [&hellip;]<\/p>\n","protected":false},"author":2020,"featured_media":264769,"comment_status":"closed","ping_status":"closed","sticky":false,"template":"","format":"standard","meta":{"footnotes":""},"categories":[241,5380,231],"tags":[],"class_list":{"0":"post-264768","1":"post","2":"type-post","3":"status-publish","4":"format-standard","5":"has-post-thumbnail","7":"category-aktualitet","8":"category-kryesore","9":"category-lajme"},"_links":{"self":[{"href":"https:\/\/zjarr.tv\/sq\/wp-json\/wp\/v2\/posts\/264768","targetHints":{"allow":["GET"]}}],"collection":[{"href":"https:\/\/zjarr.tv\/sq\/wp-json\/wp\/v2\/posts"}],"about":[{"href":"https:\/\/zjarr.tv\/sq\/wp-json\/wp\/v2\/types\/post"}],"author":[{"embeddable":true,"href":"https:\/\/zjarr.tv\/sq\/wp-json\/wp\/v2\/users\/2020"}],"replies":[{"embeddable":true,"href":"https:\/\/zjarr.tv\/sq\/wp-json\/wp\/v2\/comments?post=264768"}],"version-history":[{"count":0,"href":"https:\/\/zjarr.tv\/sq\/wp-json\/wp\/v2\/posts\/264768\/revisions"}],"wp:featuredmedia":[{"embeddable":true,"href":"https:\/\/zjarr.tv\/sq\/wp-json\/wp\/v2\/media\/264769"}],"wp:attachment":[{"href":"https:\/\/zjarr.tv\/sq\/wp-json\/wp\/v2\/media?parent=264768"}],"wp:term":[{"taxonomy":"category","embeddable":true,"href":"https:\/\/zjarr.tv\/sq\/wp-json\/wp\/v2\/categories?post=264768"},{"taxonomy":"post_tag","embeddable":true,"href":"https:\/\/zjarr.tv\/sq\/wp-json\/wp\/v2\/tags?post=264768"}],"curies":[{"name":"wp","href":"https:\/\/api.w.org\/{rel}","templated":true}]}}