{"id":264788,"date":"2022-06-16T14:00:58","date_gmt":"2022-06-16T12:00:58","guid":{"rendered":"https:\/\/zjarr.tv\/?p=264788"},"modified":"2022-06-16T14:00:58","modified_gmt":"2022-06-16T12:00:58","slug":"rritja-e-cmimeve-30-mije-leke-ushqime-shporte-dash-sula-proteston-ne-kuvend-i-blejne-vetem-deputetet-se-njerezit-skane-leke","status":"publish","type":"post","link":"https:\/\/zjarr.tv\/sq\/rritja-e-cmimeve-30-mije-leke-ushqime-shporte-dash-sula-proteston-ne-kuvend-i-blejne-vetem-deputetet-se-njerezit-skane-leke\/","title":{"rendered":"Rritja e \u00e7mimeve, 30 mij\u00eb lek\u00eb ushqime shporte, Dash Sula proteston n\u00eb Kuvend: I blejn\u00eb vet\u00ebm deputet\u00ebt, se njer\u00ebzit s\u2019kan\u00eb lek\u00eb"},"content":{"rendered":"<p>Dashnor Sula, deputeti ka zgjedhur nj\u00eb m\u00ebnyr\u00eb origjinale n\u00eb shenj\u00eb protest\u00eb n\u00eb Kuvendin e Shqip\u00ebris\u00eb, p\u00ebr rritjen e ushqimeve.<\/p>\n<p>Sula ka marr\u00eb nj\u00eb sasi t\u00eb ushqimeve t\u00eb shport\u00ebs ku \u00e7mimi total shkon n\u00eb 30 mij\u00eb lek\u00eb. Sipas tij, kjo shport\u00eb duhet n\u00eb tre dit\u00eb dhe p\u00ebr shqiptar\u00ebt \u00ebsht\u00eb e pap\u00ebrballueshme.<\/p>\n<p>\u201cPo ju them q\u00eb i kam marr n\u00eb mark\u00ebn me \u00e7mimet m\u00eb t\u00eb ul\u00ebta. K\u00ebto b\u00ebjn\u00eb 30 mij\u00eb lek\u00eb. Sa i bie t\u00eb ushqehen me k\u00ebt\u00eb shport\u00eb q\u00eb duhet nj\u00eb her\u00eb n\u00eb tre apo dy dit\u00eb. Pra duhen 600 mij\u00eb lek\u00eb vet\u00ebm p\u00ebr tu ushqyer. Pa llogaritur ushqimet e tjera. Kam ardhur k\u00ebtu sot n\u00eb shenj\u00eb proteste.\u201d tha Dashnor Sula.<\/p>\n<p>Sula i b\u00ebri thirrje qeveris\u00eb dhe Edi Ram\u00ebs q\u00eb t\u00eb amnistoj\u00eb dhe t\u00eb gjej\u00eb nj\u00eb zgjidhje p\u00ebr t\u00eb ndihmuar familjet shqiptare p\u00ebr shkak t\u00eb \u00e7mimeve.<\/p>\n<p>\u201cT\u00eb b\u00ebjn\u00eb indeksimin e \u00e7mimeve. E qart\u00eb dhe e thjesht\u00eb si n\u00eb Maqedoni. Q\u00eb ka z\u00ebruar TVSH p\u00ebr shport\u00ebn\u201d tha Sula.<\/p>\n","protected":false},"excerpt":{"rendered":"<p>Dashnor Sula, deputeti ka zgjedhur nj\u00eb m\u00ebnyr\u00eb origjinale n\u00eb shenj\u00eb protest\u00eb n\u00eb Kuvendin e Shqip\u00ebris\u00eb, p\u00ebr rritjen e ushqimeve. Sula ka marr\u00eb nj\u00eb sasi t\u00eb ushqimeve t\u00eb shport\u00ebs ku \u00e7mimi total shkon n\u00eb 30 mij\u00eb lek\u00eb. Sipas tij, kjo shport\u00eb duhet n\u00eb tre dit\u00eb dhe p\u00ebr shqiptar\u00ebt \u00ebsht\u00eb e pap\u00ebrballueshme. \u201cPo ju them q\u00eb i [&hellip;]<\/p>\n","protected":false},"author":2020,"featured_media":264789,"comment_status":"closed","ping_status":"closed","sticky":false,"template":"","format":"standard","meta":{"footnotes":""},"categories":[241,5380,231],"tags":[],"class_list":{"0":"post-264788","1":"post","2":"type-post","3":"status-publish","4":"format-standard","5":"has-post-thumbnail","7":"category-aktualitet","8":"category-kryesore","9":"category-lajme"},"_links":{"self":[{"href":"https:\/\/zjarr.tv\/sq\/wp-json\/wp\/v2\/posts\/264788","targetHints":{"allow":["GET"]}}],"collection":[{"href":"https:\/\/zjarr.tv\/sq\/wp-json\/wp\/v2\/posts"}],"about":[{"href":"https:\/\/zjarr.tv\/sq\/wp-json\/wp\/v2\/types\/post"}],"author":[{"embeddable":true,"href":"https:\/\/zjarr.tv\/sq\/wp-json\/wp\/v2\/users\/2020"}],"replies":[{"embeddable":true,"href":"https:\/\/zjarr.tv\/sq\/wp-json\/wp\/v2\/comments?post=264788"}],"version-history":[{"count":0,"href":"https:\/\/zjarr.tv\/sq\/wp-json\/wp\/v2\/posts\/264788\/revisions"}],"wp:featuredmedia":[{"embeddable":true,"href":"https:\/\/zjarr.tv\/sq\/wp-json\/wp\/v2\/media\/264789"}],"wp:attachment":[{"href":"https:\/\/zjarr.tv\/sq\/wp-json\/wp\/v2\/media?parent=264788"}],"wp:term":[{"taxonomy":"category","embeddable":true,"href":"https:\/\/zjarr.tv\/sq\/wp-json\/wp\/v2\/categories?post=264788"},{"taxonomy":"post_tag","embeddable":true,"href":"https:\/\/zjarr.tv\/sq\/wp-json\/wp\/v2\/tags?post=264788"}],"curies":[{"name":"wp","href":"https:\/\/api.w.org\/{rel}","templated":true}]}}