{"id":264808,"date":"2022-06-16T15:53:32","date_gmt":"2022-06-16T13:53:32","guid":{"rendered":"https:\/\/zjarr.tv\/?p=264808"},"modified":"2022-06-16T15:53:32","modified_gmt":"2022-06-16T13:53:32","slug":"denohet-me-1-vit-e-4-muaj-burg-ish-drejtori-i-burgut-te-lushnjes-judmir-shurdhi-akuzohet-per-shperdorim-detyre","status":"publish","type":"post","link":"https:\/\/zjarr.tv\/sq\/denohet-me-1-vit-e-4-muaj-burg-ish-drejtori-i-burgut-te-lushnjes-judmir-shurdhi-akuzohet-per-shperdorim-detyre\/","title":{"rendered":"D\u00ebnohet me 1 vit e 4 muaj burg ish-drejtori i burgut t\u00eb Lushnj\u00ebs Judmir Shurdhi, akuzohet p\u00ebr shp\u00ebrdorim detyre"},"content":{"rendered":"<p>Gjykata e Posa\u00e7me kund\u00ebr Korrupsionit ka d\u00ebnuar me dy vite burg ish-drejtorin e burgut t\u00eb Lushnj\u00ebs, Judmir Shurdhi. Por p\u00ebr shkak t\u00eb gjykimit t\u00eb shkurtuar, ai do t\u00eb kryej\u00eb 1 vit e 4 muaj burg. Ai ishte shpallur fajtor p\u00ebr akuz\u00ebn e shp\u00ebrdorimit t\u00eb detyr\u00ebs.<\/p>\n<p>Shurdhi, i cili ishte drejtor n\u00eb vitin 2020, iu zbulua shkelja e shp\u00ebrdorimit t\u00eb detyr\u00ebs, lidhur me zhvillimin e tenderit p\u00ebr transportin e punonj\u00ebsve.<\/p>\n<p>Fajtor \u00ebsht\u00eb shpallur edhe Krenar Gozhina, p\u00ebr kryerjen e vepr\u00ebs penale at\u00eb t\u00eb \u201cShkeljes s\u00eb barazis\u00eb s\u00eb pjes\u00ebmarr\u00ebsve n\u00eb tendera apo ankande publike\u201d n\u00eb bashk\u00ebpunim (per tenderin e vitit 2018 per sherbimin e transportit te punonjesve).<\/p>\n<p>Gozhina \u00ebsht\u00eb d\u00ebnuar me kat\u00ebr muaj burg. Me tre muaj burg u d\u00ebnua e Miranda Idrizi. Nd\u00ebrsa p\u00ebr Erion \u00c7el\u00ebn \u00ebsht\u00eb caktuar sh\u00ebrbim prove dhe p\u00ebr Xhejsika Kaj\u00ebn \u00ebsht\u00eb vendosur masa \u201cdetyrim p\u00ebr t\u00eb kryer pun\u00eb me interes publik\u201d prej 60 or\u00ebsh. Kujtojm\u00eb se ish-drejtori i burgut u arrestua n\u00eb korrik t\u00eb vitit 2019 s\u00eb bashku e 5 punonj\u00ebs t\u00eb tjer\u00eb.<\/p>\n","protected":false},"excerpt":{"rendered":"<p>Gjykata e Posa\u00e7me kund\u00ebr Korrupsionit ka d\u00ebnuar me dy vite burg ish-drejtorin e burgut t\u00eb Lushnj\u00ebs, Judmir Shurdhi. Por p\u00ebr shkak t\u00eb gjykimit t\u00eb shkurtuar, ai do t\u00eb kryej\u00eb 1 vit e 4 muaj burg. Ai ishte shpallur fajtor p\u00ebr akuz\u00ebn e shp\u00ebrdorimit t\u00eb detyr\u00ebs. Shurdhi, i cili ishte drejtor n\u00eb vitin 2020, iu zbulua [&hellip;]<\/p>\n","protected":false},"author":2020,"featured_media":264809,"comment_status":"closed","ping_status":"closed","sticky":false,"template":"","format":"standard","meta":{"footnotes":""},"categories":[241,5380,231],"tags":[],"class_list":{"0":"post-264808","1":"post","2":"type-post","3":"status-publish","4":"format-standard","5":"has-post-thumbnail","7":"category-aktualitet","8":"category-kryesore","9":"category-lajme"},"_links":{"self":[{"href":"https:\/\/zjarr.tv\/sq\/wp-json\/wp\/v2\/posts\/264808","targetHints":{"allow":["GET"]}}],"collection":[{"href":"https:\/\/zjarr.tv\/sq\/wp-json\/wp\/v2\/posts"}],"about":[{"href":"https:\/\/zjarr.tv\/sq\/wp-json\/wp\/v2\/types\/post"}],"author":[{"embeddable":true,"href":"https:\/\/zjarr.tv\/sq\/wp-json\/wp\/v2\/users\/2020"}],"replies":[{"embeddable":true,"href":"https:\/\/zjarr.tv\/sq\/wp-json\/wp\/v2\/comments?post=264808"}],"version-history":[{"count":0,"href":"https:\/\/zjarr.tv\/sq\/wp-json\/wp\/v2\/posts\/264808\/revisions"}],"wp:featuredmedia":[{"embeddable":true,"href":"https:\/\/zjarr.tv\/sq\/wp-json\/wp\/v2\/media\/264809"}],"wp:attachment":[{"href":"https:\/\/zjarr.tv\/sq\/wp-json\/wp\/v2\/media?parent=264808"}],"wp:term":[{"taxonomy":"category","embeddable":true,"href":"https:\/\/zjarr.tv\/sq\/wp-json\/wp\/v2\/categories?post=264808"},{"taxonomy":"post_tag","embeddable":true,"href":"https:\/\/zjarr.tv\/sq\/wp-json\/wp\/v2\/tags?post=264808"}],"curies":[{"name":"wp","href":"https:\/\/api.w.org\/{rel}","templated":true}]}}