{"id":264814,"date":"2022-06-16T16:10:47","date_gmt":"2022-06-16T14:10:47","guid":{"rendered":"https:\/\/zjarr.tv\/?p=264814"},"modified":"2022-06-16T16:10:47","modified_gmt":"2022-06-16T14:10:47","slug":"rama-si-xhaja-qe-mburret-me-dashnoren-e-nipit-iriqi-bisedon-me-zhelenskin-president-i-ukraines","status":"publish","type":"post","link":"https:\/\/zjarr.tv\/sq\/rama-si-xhaja-qe-mburret-me-dashnoren-e-nipit-iriqi-bisedon-me-zhelenskin-president-i-ukraines\/","title":{"rendered":"\u2018Rama si xhaja q\u00eb mburret me dashnoren e nipit\u2019- IRIQI bisedon me Zhelenskin, president i Ukrain\u00ebs"},"content":{"rendered":"<p>Iriqi:- Si kaloi takimi juaj me Ram\u00ebn?<\/p>\n<p>Zhelenski:- P\u00ebr \u00e7udi. Se at\u00eb dit\u00eb nuk pati bombardime dhe akuzat e rus\u00ebve. Ngaq\u00eb mendova se Rama \u00ebsht\u00eb filorus, por agjent\u00ebt e mi nga Rusia m\u00eb than\u00eb q\u00eb nuk pati predha e mortaja se ky i gjati nuk vleka fare. Drejton nj\u00eb shtet t\u00eb falimentuar. Shkurt kushton m\u00eb pak se nj\u00eb raket\u00eb. M\u00eb erdhi keq q\u00eb harxhova koh\u00eb me t\u00eb.<\/p>\n<p>Iriqi:- Po pse nuk e p\u00ebrcolle shpejt e shpejt?<\/p>\n<p>Zhelenski:- Se po m\u00eb tregonte q\u00eb kishte par\u00eb nj\u00eb filmin tim, kishte urdh\u00ebruar televizionet shqiptare ta blinin dhe m\u00eb propozoi t\u00eb b\u00ebja nj\u00eb film me nj\u00eb aktor Mamaqi, Mamaqi. \u00cbsht\u00eb komik, m\u00eb tha, por jep dhe leksione si t\u00eb b\u00ebhesh milionier. Nuk m\u00eb la t\u00eb flisja se befas m\u00eb tha.<\/p>\n<p>Iriqi:- \u00c7far\u00eb?<\/p>\n<p>Zhelenski:- Q\u00eb ai do merrte p\u00ebrsip\u00ebr t\u00eb rind\u00ebrtonte qytetin e Irpinit. U \u00e7udita se Shqip\u00ebria \u00ebsht\u00eb e mbytur n\u00eb borxhe. Si do e b\u00ebsh, e pyeta. E kishte gati p\u00ebrgjigjen. Do e rind\u00ebrtoj ama me parat\u00eb e tua, m\u00eb tha. Ato miliarda q\u00eb t\u00eb d\u00ebrgon Amerika dhe Evropa, kaloi te qeveria ime. Sa t\u00eb b\u00ebsh ti projekte, mbledhje, votim n\u00eb parlament, un\u00eb e b\u00ebj gjith\u00e7ka brenda dit\u00ebs. U \u00e7udita, po k\u00ebshilltar\u00ebt e mi m\u00eb than\u00eb se ai nuk g\u00ebnjen. Nj\u00eb fjal\u00eb e Ram\u00ebs dhe shteti shqiptar kurdiset n\u00eb \u00e7ast.<\/p>\n<p>Iriqi:- Po si?<\/p>\n<p>Zhelenski:- Vet\u00eb Rama m\u00eb tha q\u00eb n\u00eb parlament nuk ka deputet\u00eb, si \u00e7do vend i bot\u00ebs, por ka robotet\u00eb. E \u00e7\u2019jan\u00eb k\u00ebta robotet\u00eb, e pyeta. Jan\u00eb t\u00eb votuar nga populli, por pasi i zgjedh un\u00eb. I th\u00ebrres nj\u00eb nga nj\u00eb te zyra para dit\u00ebs s\u00eb votimit, u fut nj\u00eb \u00e7ip nga prapa e ata mendojn\u00eb me byth\u00eb p\u00ebr kat\u00ebr vjet, jo me kok\u00eb.<\/p>\n<p>Iriqi:- Qenke k\u00ebnaqur d.m.th?<\/p>\n<p>Zhelenski:- Un\u00eb mbahem si komik, po ai ma kalon se komiken e tij e ka ngjyer me tragjiken e popullit t\u00eb vet. Kam dhe charter p\u00ebr vizita, m\u00eb tha. Po sa vizita b\u00ebn n\u00eb vit, e pyeta.Po, ja ndonj\u00ebher\u00eb e vizitoj dhe Shqip\u00ebrin\u00eb, m\u00eb tha. M\u00ebsova q\u00eb ai nuk shkon as n\u00eb mbledhje qeverie, as firmos vendime, as rri n\u00eb zyr\u00eb. Shkurt i ngjet atij xhaxhait.<\/p>\n<p>Iriqi:- Cilit xhaxha?<\/p>\n<p>Zhelenski:- Atij q\u00eb u mburret shok\u00ebve t\u00eb vet me dashnoren e bukur t\u00eb nipit t\u00eb tij.<\/p>\n","protected":false},"excerpt":{"rendered":"<p>Iriqi:- Si kaloi takimi juaj me Ram\u00ebn? Zhelenski:- P\u00ebr \u00e7udi. Se at\u00eb dit\u00eb nuk pati bombardime dhe akuzat e rus\u00ebve. Ngaq\u00eb mendova se Rama \u00ebsht\u00eb filorus, por agjent\u00ebt e mi nga Rusia m\u00eb than\u00eb q\u00eb nuk pati predha e mortaja se ky i gjati nuk vleka fare. Drejton nj\u00eb shtet t\u00eb falimentuar. Shkurt kushton m\u00eb [&hellip;]<\/p>\n","protected":false},"author":2020,"featured_media":264815,"comment_status":"closed","ping_status":"closed","sticky":false,"template":"","format":"standard","meta":{"footnotes":""},"categories":[241,5380,231],"tags":[],"class_list":{"0":"post-264814","1":"post","2":"type-post","3":"status-publish","4":"format-standard","5":"has-post-thumbnail","7":"category-aktualitet","8":"category-kryesore","9":"category-lajme"},"_links":{"self":[{"href":"https:\/\/zjarr.tv\/sq\/wp-json\/wp\/v2\/posts\/264814","targetHints":{"allow":["GET"]}}],"collection":[{"href":"https:\/\/zjarr.tv\/sq\/wp-json\/wp\/v2\/posts"}],"about":[{"href":"https:\/\/zjarr.tv\/sq\/wp-json\/wp\/v2\/types\/post"}],"author":[{"embeddable":true,"href":"https:\/\/zjarr.tv\/sq\/wp-json\/wp\/v2\/users\/2020"}],"replies":[{"embeddable":true,"href":"https:\/\/zjarr.tv\/sq\/wp-json\/wp\/v2\/comments?post=264814"}],"version-history":[{"count":0,"href":"https:\/\/zjarr.tv\/sq\/wp-json\/wp\/v2\/posts\/264814\/revisions"}],"wp:featuredmedia":[{"embeddable":true,"href":"https:\/\/zjarr.tv\/sq\/wp-json\/wp\/v2\/media\/264815"}],"wp:attachment":[{"href":"https:\/\/zjarr.tv\/sq\/wp-json\/wp\/v2\/media?parent=264814"}],"wp:term":[{"taxonomy":"category","embeddable":true,"href":"https:\/\/zjarr.tv\/sq\/wp-json\/wp\/v2\/categories?post=264814"},{"taxonomy":"post_tag","embeddable":true,"href":"https:\/\/zjarr.tv\/sq\/wp-json\/wp\/v2\/tags?post=264814"}],"curies":[{"name":"wp","href":"https:\/\/api.w.org\/{rel}","templated":true}]}}