{"id":264825,"date":"2022-06-16T18:53:18","date_gmt":"2022-06-16T16:53:18","guid":{"rendered":"https:\/\/zjarr.tv\/?p=264825"},"modified":"2022-06-16T18:53:18","modified_gmt":"2022-06-16T16:53:18","slug":"negociatat-per-shqiperine-ish-deputetja-e-lsi-se-i-drejtuam-kerkese-lidereve-te-be-te-hapen-deri-ne-fund-te-vitit","status":"publish","type":"post","link":"https:\/\/zjarr.tv\/sq\/negociatat-per-shqiperine-ish-deputetja-e-lsi-se-i-drejtuam-kerkese-lidereve-te-be-te-hapen-deri-ne-fund-te-vitit\/","title":{"rendered":"Negociatat p\u00ebr Shqip\u00ebrin\u00eb, ish-deputetja e LSI-s\u00eb: I drejtuam k\u00ebrkes\u00eb lider\u00ebve t\u00eb BE t\u00eb hapen deri n\u00eb fund t\u00eb vitit"},"content":{"rendered":"<p>Ish-deputetja e LSI-s\u00eb, Floida K\u00ebrpa\u00e7i, i \u00ebsht\u00eb bashkuar k\u00ebrkes\u00ebs s\u00eb IUSY dhe t\u00eb rinjve t\u00eb Ballkanit Per\u00ebndimorr drejtuar lider\u00ebve t\u00eb BE p\u00ebr hapjen e negociatave p\u00ebr Shqip\u00ebrin\u00eb dhe Maqedonin\u00eb e Veriut n\u00eb fund t\u00eb k\u00ebtij viti.<\/p>\n<p>P\u00ebrmes nj\u00eb postimi n\u00eb \u201cFacebook\u201d, K\u00ebrpa\u00e7i b\u00ebn me dije se n\u00eb em\u00ebr t\u00eb forumit rinor t\u00eb LSI ajo ka firmosur k\u00ebt\u00eb k\u00ebrkes\u00eb, pasi Integrimi Europian nuk \u00ebsht\u00eb nj\u00eb slogan propagandistik, por q\u00ebndron n\u00eb ADN e LSI, si nj\u00eb objektiv strategjik i patjet\u00ebrsuesh\u00ebm p\u00ebr t\u00eb ardhmen e Shqip\u00ebris\u00eb.<\/p>\n<p>Sipas saj \u00ebsht\u00eb koha q\u00eb librealizimi i vizave p\u00ebr Kosov\u00ebn, nisja e negociatave t\u00eb\u00eb an\u00ebtar\u00ebsimit p\u00ebr vendet aspirante e e \u00e7do akt tjet\u00ebr q\u00eb na mban t\u00eb ndar\u00eb, t\u00eb mos ngelen m\u00eb peng i interesave t\u00eb dit\u00ebs.<\/p>\n<p>\u201cN\u00eb em\u00ebr t\u00eb forumit rinor t\u00eb LSI, sapo kam firmosur k\u00ebrkes\u00ebn e IUSY dhe t\u00eb rinjve t\u00eb Ballkanit Per\u00ebndimor drejtuar lider\u00ebve t\u00eb Bashkimit Europian, p\u00ebr t\u00eb realizuar hapjen e negociatave me Shqip\u00ebrin\u00eb dhe Maqedonin\u00eb e Veriut deri n\u00eb fund t\u00eb k\u00ebtij viti.<\/p>\n<p>Integrimi Europian nuk \u00ebsht\u00eb nj\u00eb slogan propagandistik, por q\u00ebndron n\u00eb ADN e LSI, si nj\u00eb objektiv strategjik i patjet\u00ebrsuesh\u00ebm p\u00ebr t\u00eb ardhmen e Shqip\u00ebris\u00eb.<\/p>\n<p>Edhe n\u00eb 19 Janar 2018, gjat\u00eb koh\u00ebs s\u00eb nj\u00eb klime politike tep\u00ebr t\u00eb polarizuar, kur p\u00ebrballja e opozit\u00ebs me qeverin\u00eb isht\u00eb e tejskajshme n\u00eb kufijt\u00eb e absurdit, LSI do ti d\u00ebrgonte let\u00ebr k\u00ebrkes\u00eb Komisionierit t\u00eb Zgjerimit, z. Johannes Hahn, duke k\u00ebrkuar hapjen sa m\u00eb par\u00eb t\u00eb negociatave t\u00eb Shqip\u00ebris\u00eb me BE.<\/p>\n<p>N\u00eb nj\u00eb Europ\u00eb tashm\u00eb t\u00eb pasigurt\u00eb nga Lufta n\u00eb Ukrain\u00eb dhe n\u00eb dyert e BE-s\u00eb, Shqip\u00ebria dhe Ballkani Per\u00ebndimor jan\u00eb n\u00eb kufijt\u00eb e nj\u00eb konflikti q\u00eb mund t\u00eb marr\u00eb p\u00ebrmasa t\u00eb gjera!<\/p>\n<p>Shum\u00eb vite jan\u00eb humbur n\u00eb d\u00ebshtime t\u00eb nj\u00ebpasnj\u00ebshme, p\u00ebr shkak t\u00eb krizave t\u00eb lidershipit, n\u00eb nivel lokal dhe at\u00eb europian.<\/p>\n<p>\u00cbsht\u00eb koha q\u00eb veprime t\u00eb vullnetit politik-burokratik europian, si liberalizimi i vizave p\u00ebr Kosov\u00ebn, nisja e negociatave t\u00eb an\u00ebtar\u00ebsimit p\u00ebr vendet aspirante, e \u00e7do akt tjet\u00ebr q\u00eb na mban t\u00eb ndar\u00eb, t\u00eb mos ngelen m\u00eb peng i interesave t\u00eb dit\u00ebs.<\/p>\n<p>Le t\u00eb shpresojm\u00eb se z\u00ebri i t\u00eb rinjve do t\u00eb rezonoj\u00eb m\u00eb tep\u00ebr se mesazhet burokratike t\u00eb qeverive dhe \u00ebndrra e nj\u00eb Familje Europiane t\u00eb bashkuar, t\u00eb realizohet sa m\u00eb pare\u201d, shkruan ajo.<\/p>\n","protected":false},"excerpt":{"rendered":"<p>Ish-deputetja e LSI-s\u00eb, Floida K\u00ebrpa\u00e7i, i \u00ebsht\u00eb bashkuar k\u00ebrkes\u00ebs s\u00eb IUSY dhe t\u00eb rinjve t\u00eb Ballkanit Per\u00ebndimorr drejtuar lider\u00ebve t\u00eb BE p\u00ebr hapjen e negociatave p\u00ebr Shqip\u00ebrin\u00eb dhe Maqedonin\u00eb e Veriut n\u00eb fund t\u00eb k\u00ebtij viti. P\u00ebrmes nj\u00eb postimi n\u00eb \u201cFacebook\u201d, K\u00ebrpa\u00e7i b\u00ebn me dije se n\u00eb em\u00ebr t\u00eb forumit rinor t\u00eb LSI ajo ka [&hellip;]<\/p>\n","protected":false},"author":2030,"featured_media":264826,"comment_status":"closed","ping_status":"closed","sticky":false,"template":"","format":"standard","meta":{"footnotes":""},"categories":[241,3366,5380,231,1454],"tags":[],"class_list":{"0":"post-264825","1":"post","2":"type-post","3":"status-publish","4":"format-standard","5":"has-post-thumbnail","7":"category-aktualitet","8":"category-koment","9":"category-kryesore","10":"category-lajme","11":"category-politike"},"_links":{"self":[{"href":"https:\/\/zjarr.tv\/sq\/wp-json\/wp\/v2\/posts\/264825","targetHints":{"allow":["GET"]}}],"collection":[{"href":"https:\/\/zjarr.tv\/sq\/wp-json\/wp\/v2\/posts"}],"about":[{"href":"https:\/\/zjarr.tv\/sq\/wp-json\/wp\/v2\/types\/post"}],"author":[{"embeddable":true,"href":"https:\/\/zjarr.tv\/sq\/wp-json\/wp\/v2\/users\/2030"}],"replies":[{"embeddable":true,"href":"https:\/\/zjarr.tv\/sq\/wp-json\/wp\/v2\/comments?post=264825"}],"version-history":[{"count":0,"href":"https:\/\/zjarr.tv\/sq\/wp-json\/wp\/v2\/posts\/264825\/revisions"}],"wp:featuredmedia":[{"embeddable":true,"href":"https:\/\/zjarr.tv\/sq\/wp-json\/wp\/v2\/media\/264826"}],"wp:attachment":[{"href":"https:\/\/zjarr.tv\/sq\/wp-json\/wp\/v2\/media?parent=264825"}],"wp:term":[{"taxonomy":"category","embeddable":true,"href":"https:\/\/zjarr.tv\/sq\/wp-json\/wp\/v2\/categories?post=264825"},{"taxonomy":"post_tag","embeddable":true,"href":"https:\/\/zjarr.tv\/sq\/wp-json\/wp\/v2\/tags?post=264825"}],"curies":[{"name":"wp","href":"https:\/\/api.w.org\/{rel}","templated":true}]}}