{"id":264833,"date":"2022-06-16T18:58:00","date_gmt":"2022-06-16T16:58:00","guid":{"rendered":"https:\/\/zjarr.tv\/?p=264833"},"modified":"2022-06-16T18:58:00","modified_gmt":"2022-06-16T16:58:00","slug":"spak-urdher-per-gazetaret-te-mos-nxjerrin-sekretet-hetimore-berisha-censure-policeske-mercenaret-e-edi-rames-te-largohen-nga-drejtesia","status":"publish","type":"post","link":"https:\/\/zjarr.tv\/sq\/spak-urdher-per-gazetaret-te-mos-nxjerrin-sekretet-hetimore-berisha-censure-policeske-mercenaret-e-edi-rames-te-largohen-nga-drejtesia\/","title":{"rendered":"SPAK urdh\u00ebr p\u00ebr gazetar\u00ebt t\u00eb mos nxjerrin sekretet hetimore, Berisha: Censur\u00eb policeske! Mercenar\u00ebt e Edi Ram\u00ebs t\u00eb largohen nga drejt\u00ebsia"},"content":{"rendered":"<p>Ish-kryeministri Sali Berisha reagon p\u00ebr urdhrin e nxjerr sot nga Prokuroria Speciale, sipas t\u00eb cilit gazetar\u00ebt nuk duhet t\u00eb publikojn\u00eb m\u00eb d\u00ebshmi t\u00eb Nuredin Dumanit, q\u00eb jan\u00eb n\u00ebn hetim dhe p\u00ebrb\u00ebjn\u00eb sekret hetimor, pasi do p\u00ebrballen me ligjin.<\/p>\n<p>Sipas ish-kryeministrit, ky vendim \u00ebsht\u00eb antikushtetues dhe nj\u00eb censur\u00eb policeske q\u00eb sh\u00ebnon rikthimin e d\u00ebnimit p\u00ebr agjitacion e propagand\u00eb, si n\u00eb koh\u00ebn e diktatur\u00ebs. Berisha thekson \u00ebn reagimine\u00a0 tij se \u201d mercenar\u00ebt e Edi Ram\u00ebs\u201d duhet t\u00eb largohen nga drejt\u00ebsia.<\/p>\n<p>\u201cDenoj me forcen me te madhe kete akt tejet te rende censure dhe kerkoj largimin e menjehershem te mercenarve te Edi Rames nga sistemi i drejtesise. Gjithashtu, u bej thirrje gazetareve te mos zbatojne akte antikushtetuese, por te qendrojne te pamposhtur ne mbrojtje te lirise se mediave\u2026\u201d, vijon Berisha.<\/p>\n<p>Reagimi i plot\u00eb i Sali Berish\u00ebs:<\/p>\n<p>Vendimi antikushtetues i Edi Rames me SKAP-in e Partise rikthen ligjin e Agjitacion Propagandes!<\/p>\n<p>Te dashur miq,<\/p>\n<p>Vendimi i Edi Rames me Skap-in e tij per te denuar me 3 vite burg gazetaret qe publikojne deshmite e Dumanit te qeverise eshte nje akt\u00a0 antikushtetues, censure policeske, dhe atentat ndaj lirise se mediave, i ndermarre per te mbrojtur Edi Ramen dhe qeveritaret e tij qe kane qindra ore telefonata me Dumanet e qeverise.<\/p>\n<p>Ky vendim i pashembullt ne 30 vitet e fundit shenon rikthimin e ligjit e denimit per agjitacion e propagande te diktatures Hoxhiste.<\/p>\n<p>Denoj me forcen me te madhe kete akt tejet te rende censure dhe kerkoj largimin e menjehershem te mercenarve te Edi Rames nga sistemi i drejtesise. Gjithashtu, u bej thirrje gazetareve te mos zbatojne akte antikushtetuese, por te qendrojne te pamposhtur ne mbrojtje te lirise se mediave, dhe te publikojne \u00e7do telefonate te Edi Rames, Taulant Balles, Erion Veliajt, Damian Gjiknurit dhe te \u00e7do deputeti, qeveritari vendor, gjykatesi apo prokurori dhe \u00e7do zyretari tjeter me vrasesit serial, perdhunuesit, grabitesit e bandave te partise.<\/p>\n<p>U bej thirrje institucioneve nderkombetare te mbrojtjes se lirise se mediave te denojne me ashpersine me te madhe kete vendim te rrezikshem. sb<\/p>\n","protected":false},"excerpt":{"rendered":"<p>Ish-kryeministri Sali Berisha reagon p\u00ebr urdhrin e nxjerr sot nga Prokuroria Speciale, sipas t\u00eb cilit gazetar\u00ebt nuk duhet t\u00eb publikojn\u00eb m\u00eb d\u00ebshmi t\u00eb Nuredin Dumanit, q\u00eb jan\u00eb n\u00ebn hetim dhe p\u00ebrb\u00ebjn\u00eb sekret hetimor, pasi do p\u00ebrballen me ligjin. Sipas ish-kryeministrit, ky vendim \u00ebsht\u00eb antikushtetues dhe nj\u00eb censur\u00eb policeske q\u00eb sh\u00ebnon rikthimin e d\u00ebnimit p\u00ebr agjitacion [&hellip;]<\/p>\n","protected":false},"author":2030,"featured_media":264834,"comment_status":"closed","ping_status":"closed","sticky":false,"template":"","format":"standard","meta":{"footnotes":""},"categories":[241,3366,5380,231,1454],"tags":[],"class_list":{"0":"post-264833","1":"post","2":"type-post","3":"status-publish","4":"format-standard","5":"has-post-thumbnail","7":"category-aktualitet","8":"category-koment","9":"category-kryesore","10":"category-lajme","11":"category-politike"},"_links":{"self":[{"href":"https:\/\/zjarr.tv\/sq\/wp-json\/wp\/v2\/posts\/264833","targetHints":{"allow":["GET"]}}],"collection":[{"href":"https:\/\/zjarr.tv\/sq\/wp-json\/wp\/v2\/posts"}],"about":[{"href":"https:\/\/zjarr.tv\/sq\/wp-json\/wp\/v2\/types\/post"}],"author":[{"embeddable":true,"href":"https:\/\/zjarr.tv\/sq\/wp-json\/wp\/v2\/users\/2030"}],"replies":[{"embeddable":true,"href":"https:\/\/zjarr.tv\/sq\/wp-json\/wp\/v2\/comments?post=264833"}],"version-history":[{"count":0,"href":"https:\/\/zjarr.tv\/sq\/wp-json\/wp\/v2\/posts\/264833\/revisions"}],"wp:featuredmedia":[{"embeddable":true,"href":"https:\/\/zjarr.tv\/sq\/wp-json\/wp\/v2\/media\/264834"}],"wp:attachment":[{"href":"https:\/\/zjarr.tv\/sq\/wp-json\/wp\/v2\/media?parent=264833"}],"wp:term":[{"taxonomy":"category","embeddable":true,"href":"https:\/\/zjarr.tv\/sq\/wp-json\/wp\/v2\/categories?post=264833"},{"taxonomy":"post_tag","embeddable":true,"href":"https:\/\/zjarr.tv\/sq\/wp-json\/wp\/v2\/tags?post=264833"}],"curies":[{"name":"wp","href":"https:\/\/api.w.org\/{rel}","templated":true}]}}