{"id":264837,"date":"2022-06-16T19:14:19","date_gmt":"2022-06-16T17:14:19","guid":{"rendered":"https:\/\/zjarr.tv\/?p=264837"},"modified":"2022-06-16T19:14:19","modified_gmt":"2022-06-16T17:14:19","slug":"balla-portet-dhe-aeroportet-jane-investime-strategjike-skrahasohen-me-kohene-pd-cmimet-jane-me-lire","status":"publish","type":"post","link":"https:\/\/zjarr.tv\/sq\/balla-portet-dhe-aeroportet-jane-investime-strategjike-skrahasohen-me-kohene-pd-cmimet-jane-me-lire\/","title":{"rendered":"Balla: Portet dhe aeroportet jan\u00eb investime strategjike, s\u2019krahasohen me koh\u00ebne PD! \u00c7mimet jan\u00eb m\u00eb lir\u00eb"},"content":{"rendered":"<p>Kryetari i Grupit Parlamentar t\u00eb Partis\u00eb Socialiste, Taulant Balla, u shpreh se portet dhe aeroportet jan\u00eb investime strategjike.<\/p>\n<p>Balla gjat\u00eb fjal\u00ebs s\u00eb tij n\u00eb Kuvend nuk kurseu pritikat ndaj opozit\u00ebs , duke shtuar se opozita nuk dihet t\u2019i hyj\u00eb debatit p\u00ebr \u00e7mimet e fluturimeve pasi nuk krahasohet me koh\u00ebn kur opozita ka qeverisur,.<\/p>\n<p>\u201c\u00cbsht\u00eb zhvilluar nj\u00eb debat q\u00eb m\u00eb mir\u00eb \u00ebsht\u00eb q\u00eb opozita t\u00eb mos i hyj\u00eb. \u00cbsht\u00eb debat q\u00eb u intereson qytetar\u00ebve. Tani mos hyni n\u00eb debat p\u00ebr \u00e7mimet e biletave. Jam i detyruar t\u00eb krahasoj me koh\u00ebn kur keni qen\u00eb ju n\u00eb qeveri. Nuk b\u00ebhet fjal\u00eb \u00ebsht\u00eb bot\u00eb tjet\u00ebr komplet. Difersifikimi apo numri i fluturimeve \u00ebsht\u00eb nj\u00eb tjet\u00ebr \u00e7\u00ebshtje\u2026 Tani ju kujtoj q\u00eb Tirana u shpall si vendi me fluks t\u00eb lart\u00eb t\u00eb fluturimeve. 107 fluturime n\u00eb dit\u00eb. Para 10 vitesh ishin 10 fluturime n\u00eb dit\u00eb.<\/p>\n<p>Tani mos u habisni sepse edhe \u00e7mimet jan\u00eb m\u00eb lir\u00eb. Tani p\u00ebr aeroportin e Kuk\u00ebsit, mos gaboj ka qen\u00eb aty, ne kemi qen\u00eb nga \u201997 n\u00eb 2005 n\u00eb qeveri, aeroporti p\u00ebrfundoi diku nga mesi i vitit 2001, nuk u b\u00eb dot gati n\u00eb at\u00eb koh\u00eb\u2026Ju kujtoj q\u00eb aeroporti i Vlor\u00ebs nuk ishte n\u00eb imagjinat\u00eb, por besoj se do t\u00eb hapet m\u00eb shpejt se afati i p\u00ebrcaktuar dhe shum\u00eb shpejt do t\u00eb jemi me tre aeroporte\u2026 \u201c, tha Balla.<\/p>\n","protected":false},"excerpt":{"rendered":"<p>Kryetari i Grupit Parlamentar t\u00eb Partis\u00eb Socialiste, Taulant Balla, u shpreh se portet dhe aeroportet jan\u00eb investime strategjike. Balla gjat\u00eb fjal\u00ebs s\u00eb tij n\u00eb Kuvend nuk kurseu pritikat ndaj opozit\u00ebs , duke shtuar se opozita nuk dihet t\u2019i hyj\u00eb debatit p\u00ebr \u00e7mimet e fluturimeve pasi nuk krahasohet me koh\u00ebn kur opozita ka qeverisur,. \u201c\u00cbsht\u00eb zhvilluar [&hellip;]<\/p>\n","protected":false},"author":2030,"featured_media":191206,"comment_status":"closed","ping_status":"closed","sticky":false,"template":"","format":"standard","meta":{"footnotes":""},"categories":[241,3366,5380,231,1454],"tags":[],"class_list":{"0":"post-264837","1":"post","2":"type-post","3":"status-publish","4":"format-standard","5":"has-post-thumbnail","7":"category-aktualitet","8":"category-koment","9":"category-kryesore","10":"category-lajme","11":"category-politike"},"_links":{"self":[{"href":"https:\/\/zjarr.tv\/sq\/wp-json\/wp\/v2\/posts\/264837","targetHints":{"allow":["GET"]}}],"collection":[{"href":"https:\/\/zjarr.tv\/sq\/wp-json\/wp\/v2\/posts"}],"about":[{"href":"https:\/\/zjarr.tv\/sq\/wp-json\/wp\/v2\/types\/post"}],"author":[{"embeddable":true,"href":"https:\/\/zjarr.tv\/sq\/wp-json\/wp\/v2\/users\/2030"}],"replies":[{"embeddable":true,"href":"https:\/\/zjarr.tv\/sq\/wp-json\/wp\/v2\/comments?post=264837"}],"version-history":[{"count":0,"href":"https:\/\/zjarr.tv\/sq\/wp-json\/wp\/v2\/posts\/264837\/revisions"}],"wp:featuredmedia":[{"embeddable":true,"href":"https:\/\/zjarr.tv\/sq\/wp-json\/wp\/v2\/media\/191206"}],"wp:attachment":[{"href":"https:\/\/zjarr.tv\/sq\/wp-json\/wp\/v2\/media?parent=264837"}],"wp:term":[{"taxonomy":"category","embeddable":true,"href":"https:\/\/zjarr.tv\/sq\/wp-json\/wp\/v2\/categories?post=264837"},{"taxonomy":"post_tag","embeddable":true,"href":"https:\/\/zjarr.tv\/sq\/wp-json\/wp\/v2\/tags?post=264837"}],"curies":[{"name":"wp","href":"https:\/\/api.w.org\/{rel}","templated":true}]}}