{"id":264844,"date":"2022-06-16T19:20:04","date_gmt":"2022-06-16T17:20:04","guid":{"rendered":"https:\/\/zjarr.tv\/?p=264844"},"modified":"2022-06-16T19:20:04","modified_gmt":"2022-06-16T17:20:04","slug":"lavrov-ben-deklaraten-e-forte-armet-qe-jane-derguar-ne-ukraine-po-shiten-ne-shqiperi-edhe-ne-kosove","status":"publish","type":"post","link":"https:\/\/zjarr.tv\/sq\/lavrov-ben-deklaraten-e-forte-armet-qe-jane-derguar-ne-ukraine-po-shiten-ne-shqiperi-edhe-ne-kosove\/","title":{"rendered":"Lavrov b\u00ebn deklarat\u00ebn e fort\u00eb: Arm\u00ebt q\u00eb jan\u00eb d\u00ebrguar n\u00eb Ukrain\u00eb po shiten n\u00eb Shqip\u00ebri edhe n\u00eb Kosov\u00eb"},"content":{"rendered":"<p>Ministri i Jasht\u00ebm rus, Sergei Lavrov ka sulmuar s\u00ebrish politikat e Per\u00ebndimit n\u00eb lidhje me luft\u00ebn n\u00eb Ukrain\u00eb.<\/p>\n<p>Lavrov tha se arm\u00ebt q\u00eb Per\u00ebndimi i ka d\u00ebrguar Ukrain\u00ebs kan\u00eb nisur t\u00eb shiten n\u00eb tregun e zi, p\u00ebrfshir\u00eb edhe n\u00eb Shqip\u00ebri dhe Kosov\u00eb.<\/p>\n<p>Ai tha se shpreson q\u00eb Per\u00ebndim t\u00eb kuptoj\u00eb t\u00eb gjitha rreziqet q\u00eb lidhen me furnizimin me arm\u00eb t\u00eb r\u00ebnda n\u00eb Ukrain\u00eb.<\/p>\n<p>\u201cUn\u00eb me t\u00eb v\u00ebrtet\u00eb shpresoj q\u00eb p\u00ebrve\u00e7 politikan\u00ebve q\u00eb k\u00ebrkojn\u00eb n\u00eb m\u00ebnyr\u00eb t\u00eb pap\u00ebrgjegjshme q\u00eb t\u2019i japin Ukrain\u00ebs \u00e7far\u00eb do lloj gj\u00ebje q\u00eb ajo k\u00ebrkon, ka ende njer\u00ebz ushtarak\u00eb q\u00eb kuptojn\u00eb se \u00e7far\u00eb \u00ebsht\u00eb n\u00eb rrezik dhe q\u00eb kuptojn\u00eb rreziqet q\u00eb lidhen me t\u00eb, \u201d tha Lavrov.<\/p>\n<p>Lidhur me bisedimet e ngrira t\u00eb paqes me Ukrain\u00ebn, ministri i Jasht\u00ebm rus tha se vet\u00eb Kievi ka n\u00ebnshkruar se nuk d\u00ebshiron negociata me Rusin\u00eb.<\/p>\n","protected":false},"excerpt":{"rendered":"<p>Ministri i Jasht\u00ebm rus, Sergei Lavrov ka sulmuar s\u00ebrish politikat e Per\u00ebndimit n\u00eb lidhje me luft\u00ebn n\u00eb Ukrain\u00eb. Lavrov tha se arm\u00ebt q\u00eb Per\u00ebndimi i ka d\u00ebrguar Ukrain\u00ebs kan\u00eb nisur t\u00eb shiten n\u00eb tregun e zi, p\u00ebrfshir\u00eb edhe n\u00eb Shqip\u00ebri dhe Kosov\u00eb. Ai tha se shpreson q\u00eb Per\u00ebndim t\u00eb kuptoj\u00eb t\u00eb gjitha rreziqet q\u00eb lidhen [&hellip;]<\/p>\n","protected":false},"author":2030,"featured_media":264845,"comment_status":"closed","ping_status":"closed","sticky":false,"template":"","format":"standard","meta":{"footnotes":""},"categories":[241,191,5380,231],"tags":[],"class_list":{"0":"post-264844","1":"post","2":"type-post","3":"status-publish","4":"format-standard","5":"has-post-thumbnail","7":"category-aktualitet","8":"category-bota","9":"category-kryesore","10":"category-lajme"},"_links":{"self":[{"href":"https:\/\/zjarr.tv\/sq\/wp-json\/wp\/v2\/posts\/264844","targetHints":{"allow":["GET"]}}],"collection":[{"href":"https:\/\/zjarr.tv\/sq\/wp-json\/wp\/v2\/posts"}],"about":[{"href":"https:\/\/zjarr.tv\/sq\/wp-json\/wp\/v2\/types\/post"}],"author":[{"embeddable":true,"href":"https:\/\/zjarr.tv\/sq\/wp-json\/wp\/v2\/users\/2030"}],"replies":[{"embeddable":true,"href":"https:\/\/zjarr.tv\/sq\/wp-json\/wp\/v2\/comments?post=264844"}],"version-history":[{"count":0,"href":"https:\/\/zjarr.tv\/sq\/wp-json\/wp\/v2\/posts\/264844\/revisions"}],"wp:featuredmedia":[{"embeddable":true,"href":"https:\/\/zjarr.tv\/sq\/wp-json\/wp\/v2\/media\/264845"}],"wp:attachment":[{"href":"https:\/\/zjarr.tv\/sq\/wp-json\/wp\/v2\/media?parent=264844"}],"wp:term":[{"taxonomy":"category","embeddable":true,"href":"https:\/\/zjarr.tv\/sq\/wp-json\/wp\/v2\/categories?post=264844"},{"taxonomy":"post_tag","embeddable":true,"href":"https:\/\/zjarr.tv\/sq\/wp-json\/wp\/v2\/tags?post=264844"}],"curies":[{"name":"wp","href":"https:\/\/api.w.org\/{rel}","templated":true}]}}