{"id":264852,"date":"2022-06-16T19:44:30","date_gmt":"2022-06-16T17:44:30","guid":{"rendered":"https:\/\/zjarr.tv\/?p=264852"},"modified":"2022-06-16T19:44:30","modified_gmt":"2022-06-16T17:44:30","slug":"o-gazi-mos-u-merzit-sa-te-sqaroj-dhuraten-mazhoranca-dhe-opozita-perplasen-ne-kuvend-per-nje-deklarate-politike-me-keni-larguar-familjarin-e-afert","status":"publish","type":"post","link":"https:\/\/zjarr.tv\/sq\/o-gazi-mos-u-merzit-sa-te-sqaroj-dhuraten-mazhoranca-dhe-opozita-perplasen-ne-kuvend-per-nje-deklarate-politike-me-keni-larguar-familjarin-e-afert\/","title":{"rendered":"\u201cO Gazi, mos u m\u00ebrzit sa t\u00eb sqaroj Dhurat\u00ebn\u201d\/ Mazhoranca dhe opozita p\u00ebrplasen n\u00eb Kuvend: P\u00ebr nj\u00eb deklarat\u00eb politike m\u00eb keni larguar familjarin e af\u00ebrt"},"content":{"rendered":"<p>Projektligji p\u00ebr \u201cAviacionin Civil\u201d ka shkaktuar debat n\u00eb sall\u00ebn e parlamentit mes Ministres s\u00eb Energjetik\u00ebs dhe Infrastruktur\u00ebs Belinda Balluku dhe deputetes demokrate Dhurata \u00c7upi Tyli.<\/p>\n<p>Ministrja Balluku theksoi se ligji i ri p\u00ebr \u201cAviacionin Civil\u201d \u00ebsht\u00eb nj\u00eb domosdoshm\u00ebri, si dhe ndryshimi i ri do t\u00eb rregullonte pun\u00ebsim, duke iu ofruar mund\u00ebsi student\u00ebve shqiptar\u00eb t\u00eb shkolluar n\u00eb shkollat m\u00eb prestigjoze t\u00eb bot\u00ebs t\u00eb pun\u00ebsoheshin pran\u00eb k\u00ebtij institucioni.<\/p>\n<p>Nd\u00ebrkoh\u00eb q\u00eb deputetja demokrate theksoi se ligji nuk ka asnj\u00eb ndryshim, dhe i vetmi q\u00ebllim \u00ebsht\u00eb p\u00ebr t\u2019i hapur rrug\u00eb pun\u00ebsimit t\u00eb patronazhist\u00ebve.<\/p>\n<p>Pjes\u00eb nga diskutimi:<\/p>\n<p>Tyli: Ligji si\u00e7 e thash\u00eb nuk ka asnj\u00eb ndryshim nga ai i vjetri, p\u00ebrve\u00e7 faktit t\u00eb pun\u00ebsimit, p\u00ebr tu krijuar mund\u00ebsi pun\u00ebsimi patronazhist\u00ebve.<\/p>\n<p>Balluku: O Gazi mos u m\u00ebrzit sa t\u00eb sqaroj Dhurat\u00ebn. E dashur kolege deputete, sa i p\u00ebrket qytetarit t\u00eb Franc\u00ebs \u00ebsht\u00eb Aleksan\u00ebr Biberaj, dhe i jam p\u00ebrgjigjur. Un\u00eb detyr\u00ebn time ndaj qytetar\u00ebve t\u00eb djatht\u00eb dhe t\u00eb majt\u00eb e b\u00ebj 24 or\u00eb n\u00eb 24, pavar\u00ebsisht se flitej p\u00ebr aeroportin e Franc\u00ebs, ku nuk kam juridiksion, shihni se mbase ma jepni. E duash Dhurata un\u00eb iu p\u00ebrgjigjem qytetar\u00ebve edhe n\u00eb 12:30 t\u00eb nat\u00ebs dhe si sqaroj, por ne nuk nd\u00ebrhyjm\u00eb dot n\u00eb menaxhimin ajror t\u00eb Franc\u00ebs. \u00cbizair nuk ka asnj\u00eb vones\u00eb n\u00eb Shqip\u00ebri, por se \u00e7far\u00eb ndodh n\u00eb aeroportet e tjera ne nuk mbajm\u00eb p\u00ebrgjegj\u00ebsi. Sa i p\u00ebrket patronazhist\u00ebve, nj\u00eb gj\u00eb duhej t\u00eb thuhej p\u00ebr k\u00ebt\u00eb ligj se nuk kishte gj\u00eb tjet\u00ebr p\u00ebr tu th\u00ebn\u00eb.<\/p>\n<p>Tyli: Edhe un\u00eb nuk e mohoj dot konsiderat\u00ebn p\u00ebr pun\u00ebn tuaj. Por e v\u00ebrteta \u00ebsht\u00eb se ky ligj nuk sjell asnj\u00eb t\u00eb re tjet\u00ebr, p\u00ebrve\u00e7se kalon n\u00eb marr\u00ebdh\u00ebniet e pun\u00ebs. Sa p\u00ebr largimet nga puna un\u00eb jam personi i gabuar, pasi un\u00eb kam konsekuenca familjare. Sepse p\u00ebr nj\u00eb deklarat\u00eb politike m\u00eb keni larguar familjarin e af\u00ebrt. Un\u00eb e kisha p\u00ebr t\u00eb mbrojtur konsumatorin shqiptar, nuk e di se \u00e7far\u00eb kishte ai qytetari q\u00eb ju kishit komunikuar.<\/p>\n","protected":false},"excerpt":{"rendered":"<p>Projektligji p\u00ebr \u201cAviacionin Civil\u201d ka shkaktuar debat n\u00eb sall\u00ebn e parlamentit mes Ministres s\u00eb Energjetik\u00ebs dhe Infrastruktur\u00ebs Belinda Balluku dhe deputetes demokrate Dhurata \u00c7upi Tyli. Ministrja Balluku theksoi se ligji i ri p\u00ebr \u201cAviacionin Civil\u201d \u00ebsht\u00eb nj\u00eb domosdoshm\u00ebri, si dhe ndryshimi i ri do t\u00eb rregullonte pun\u00ebsim, duke iu ofruar mund\u00ebsi student\u00ebve shqiptar\u00eb t\u00eb shkolluar [&hellip;]<\/p>\n","protected":false},"author":2030,"featured_media":264853,"comment_status":"closed","ping_status":"closed","sticky":false,"template":"","format":"standard","meta":{"footnotes":""},"categories":[241,3366,5380,231,1454],"tags":[],"class_list":{"0":"post-264852","1":"post","2":"type-post","3":"status-publish","4":"format-standard","5":"has-post-thumbnail","7":"category-aktualitet","8":"category-koment","9":"category-kryesore","10":"category-lajme","11":"category-politike"},"_links":{"self":[{"href":"https:\/\/zjarr.tv\/sq\/wp-json\/wp\/v2\/posts\/264852","targetHints":{"allow":["GET"]}}],"collection":[{"href":"https:\/\/zjarr.tv\/sq\/wp-json\/wp\/v2\/posts"}],"about":[{"href":"https:\/\/zjarr.tv\/sq\/wp-json\/wp\/v2\/types\/post"}],"author":[{"embeddable":true,"href":"https:\/\/zjarr.tv\/sq\/wp-json\/wp\/v2\/users\/2030"}],"replies":[{"embeddable":true,"href":"https:\/\/zjarr.tv\/sq\/wp-json\/wp\/v2\/comments?post=264852"}],"version-history":[{"count":0,"href":"https:\/\/zjarr.tv\/sq\/wp-json\/wp\/v2\/posts\/264852\/revisions"}],"wp:featuredmedia":[{"embeddable":true,"href":"https:\/\/zjarr.tv\/sq\/wp-json\/wp\/v2\/media\/264853"}],"wp:attachment":[{"href":"https:\/\/zjarr.tv\/sq\/wp-json\/wp\/v2\/media?parent=264852"}],"wp:term":[{"taxonomy":"category","embeddable":true,"href":"https:\/\/zjarr.tv\/sq\/wp-json\/wp\/v2\/categories?post=264852"},{"taxonomy":"post_tag","embeddable":true,"href":"https:\/\/zjarr.tv\/sq\/wp-json\/wp\/v2\/tags?post=264852"}],"curies":[{"name":"wp","href":"https:\/\/api.w.org\/{rel}","templated":true}]}}