{"id":264877,"date":"2022-06-17T07:14:17","date_gmt":"2022-06-17T05:14:17","guid":{"rendered":"https:\/\/zjarr.tv\/?p=264877"},"modified":"2022-06-17T07:14:17","modified_gmt":"2022-06-17T05:14:17","slug":"gezim-tushi-kriminelet-bejne-testime-te-sakta-per-te-matur-fuqine-e-shtetit","status":"publish","type":"post","link":"https:\/\/zjarr.tv\/sq\/gezim-tushi-kriminelet-bejne-testime-te-sakta-per-te-matur-fuqine-e-shtetit\/","title":{"rendered":"G\u00ebzim Tushi: Kriminel\u00ebt b\u00ebjn\u00eb testime t\u00eb sakta p\u00ebr t\u00eb matur fuqin\u00eb e shtetit"},"content":{"rendered":"<p>Sociologu G\u00ebzim Tushi, ka folur p\u00ebr rritjen e kriminalitetit dhe p\u00ebrhpajen n\u00eb t\u00eb gjith\u00eb shoq\u00ebrin\u00eb shqiptare. <\/p>\n<p>I ftuar n\u00eb emisionin &#8220;T\u00eb Paekspozuarit&#8221; n\u00eb MCN TV, tha se rritja e kriminalitetit dhe organizimi i sofistikuar i krimit, ka rrezik t\u00eb b\u00ebhet e pap\u00ebrballueshme dhe t\u00eb nxis\u00eb largimin e m\u00ebtejsh\u00ebm t\u00eb njer\u00ebzve nga vendi. <\/p>\n<p>&#8220;Bota e krimit jo vet\u00ebm po organizohet dhe strukturohet, por n\u00ebse vijon ky rit\u00ebm, ka rrezik t\u00eb b\u00ebhet i pap\u00ebrballuesh\u00ebm.<\/p>\n<p>Sot n\u00eb bot\u00eb ka nj\u00eb diskutim t\u00eb madh me njeriun e sot\u00ebm, q\u00eb thon\u00eb jan\u00eb t\u00eb metat e species. Tre t\u00eb meta jan\u00eb, shkelja e ligjit, korrupsioni dhe krimi. Kriminel\u00ebt jo vet\u00ebm po organizohen, por po krijojn\u00eb nj\u00eb lloj pushteti.<\/p>\n<p>Ne 30 vjet m\u00eb par\u00eb, raportet e shoq\u00ebris\u00eb dhe shtetit me krimin, kan\u00eb qen\u00eb diktatoriale. Ishte shtet kriminal q\u00eb i thyente dh\u00ebmb\u00ebt krimit ordiner. Dol\u00ebm pastaj me nj\u00eb njeri t\u00eb frikur. Kriminaliteti i zgjeruar, duket sikur \u00ebsht\u00eb shp\u00ebrdorim i liris\u00eb.<\/p>\n<p>Kam p\u00ebrshtypjen q\u00eb ka edhe arsye t\u00eb tjera. Ka nj\u00eb indiferenc\u00eb publike. Lufta e kriminel\u00ebve \u00ebsht\u00eb t\u00eb heqim dor\u00eb nga denoncimi dhe p\u00ebrballja. K\u00ebrkohet edhe reagim qytetar, p\u00ebr t\u00eb denoncuar q\u00eb nga krimi i vog\u00ebl i lagjes deri te krimi i sofistikuar.<\/p>\n<p>Kriminel\u00ebt b\u00ebjn\u00eb testime t\u00eb sakta p\u00ebr t\u00eb matur fuqin\u00eb e shtetit, indiferenc\u00ebn dhe luft\u00ebn me gjasme, apo iden\u00eb \u201ct\u00eb han\u00eb kokat e nj\u00ebri tjetrit\u201d.<\/p>\n<p>N\u00ebse do t\u00eb l\u00ebm\u00eb q\u00eb problemet t\u00eb zgjidhen mes bandave, at\u00ebher\u00eb kriminaliteti i shoq\u00ebris\u00eb \u00ebsht\u00eb i plot\u00eb.<\/p>\n<p>Ky kriminalitet q\u00eb buron n\u00eb shoq\u00ebrin\u00eb shqiptare, nuk \u00ebsht\u00eb rast\u00ebsor. Nuk \u00ebsht\u00eb e v\u00ebrtet\u00eb q\u00eb ne jemi spital psikiatrik me t\u00eb \u00e7mendur, por jan\u00eb rrethanat&#8221;, tha sociologu.<\/p>\n","protected":false},"excerpt":{"rendered":"<p>Sociologu G\u00ebzim Tushi, ka folur p\u00ebr rritjen e kriminalitetit dhe p\u00ebrhpajen n\u00eb t\u00eb gjith\u00eb shoq\u00ebrin\u00eb shqiptare. I ftuar n\u00eb emisionin &#8220;T\u00eb Paekspozuarit&#8221; n\u00eb MCN TV, tha se rritja e kriminalitetit dhe organizimi i sofistikuar i krimit, ka rrezik t\u00eb b\u00ebhet e pap\u00ebrballueshme dhe t\u00eb nxis\u00eb largimin e m\u00ebtejsh\u00ebm t\u00eb njer\u00ebzve nga vendi. &#8220;Bota e krimit [&hellip;]<\/p>\n","protected":false},"author":2031,"featured_media":264878,"comment_status":"closed","ping_status":"closed","sticky":false,"template":"","format":"standard","meta":{"footnotes":""},"categories":[241,231,235],"tags":[],"class_list":{"0":"post-264877","1":"post","2":"type-post","3":"status-publish","4":"format-standard","5":"has-post-thumbnail","7":"category-aktualitet","8":"category-lajme","9":"category-vendi"},"_links":{"self":[{"href":"https:\/\/zjarr.tv\/sq\/wp-json\/wp\/v2\/posts\/264877","targetHints":{"allow":["GET"]}}],"collection":[{"href":"https:\/\/zjarr.tv\/sq\/wp-json\/wp\/v2\/posts"}],"about":[{"href":"https:\/\/zjarr.tv\/sq\/wp-json\/wp\/v2\/types\/post"}],"author":[{"embeddable":true,"href":"https:\/\/zjarr.tv\/sq\/wp-json\/wp\/v2\/users\/2031"}],"replies":[{"embeddable":true,"href":"https:\/\/zjarr.tv\/sq\/wp-json\/wp\/v2\/comments?post=264877"}],"version-history":[{"count":0,"href":"https:\/\/zjarr.tv\/sq\/wp-json\/wp\/v2\/posts\/264877\/revisions"}],"wp:featuredmedia":[{"embeddable":true,"href":"https:\/\/zjarr.tv\/sq\/wp-json\/wp\/v2\/media\/264878"}],"wp:attachment":[{"href":"https:\/\/zjarr.tv\/sq\/wp-json\/wp\/v2\/media?parent=264877"}],"wp:term":[{"taxonomy":"category","embeddable":true,"href":"https:\/\/zjarr.tv\/sq\/wp-json\/wp\/v2\/categories?post=264877"},{"taxonomy":"post_tag","embeddable":true,"href":"https:\/\/zjarr.tv\/sq\/wp-json\/wp\/v2\/tags?post=264877"}],"curies":[{"name":"wp","href":"https:\/\/api.w.org\/{rel}","templated":true}]}}